{"id":16175,"date":"2020-04-03T11:27:15","date_gmt":"2020-04-03T11:27:15","guid":{"rendered":"http:\/\/blogdorogeriogomes.com.br\/?p=16175"},"modified":"2020-04-03T12:29:27","modified_gmt":"2020-04-03T12:29:27","slug":"desgaste-entre-bolsonaro-e-luiz-mandetta-so-atrapalha-o-combate-a-pandemia-do-coronavirus","status":"publish","type":"post","link":"https:\/\/blogdorogeriogomes.com.br\/noticias\/2020\/04\/desgaste-entre-bolsonaro-e-luiz-mandetta-so-atrapalha-o-combate-a-pandemia-do-coronavirus\/","title":{"rendered":"Desgaste entre Bolsonaro e Luiz Mandetta s\u00f3 atrapalha o combate \u00e0 pandemia do coronav\u00edrus"},"content":{"rendered":"\n<p>Todos os dias, o brasileiro comum tenta entender o comportamento do presidente Jair Bolsonaro. Um dia, o Presidente da Rep\u00fablica faz um discurso conciliat\u00f3rio com governadores e prefeitos. No outro, vai para o ataque e &#8220;queima&#8221; at\u00e9 membros da pr\u00f3pria equipe. H\u00e1 v\u00e1rios dias, o conflito com o ministro da Sa\u00fade, Luiz Henrique Mandetta vem sendo revelado pela m\u00eddia. Nesta quinta-feira, dia 2 de abril, o pr\u00f3prio Bolsonaro confirmou o desgaste com Mandetta em entrevista a R\u00e1dio Jovem Pan. O detalhe \u00e9 que o ministro da Sa\u00fade \u00e9 hoje o integrante do Governo que mais tem se destacado no trabalho ao enfrentamento ao novo coronav\u00edrus.<\/p>\n\n\n\n<p>A verdade \u00e9 que Jair Bolsonaro est\u00e1 isolado politicamente pelo fato de negar a gravidade da pandemia e defender a volta da normalidade do com\u00e9rcio e das escolas. O presidente usa m\u00eddia para atacar ministro da Sa\u00fade, Luiz Mandetta, mas diz que n\u00e3o vai demiti-lo em um momento de &#8220;guerra&#8221;. Por outro lado, Mandetta apesar de desprestigiado, diz que n\u00e3o pede demiss\u00e3o. S\u00f3 deixa o cargo se Bolsonaro coloc\u00e1-lo pra fora.<br>O presidente Bolsonaro tamb\u00e9m voltou a ridicularizar governadores por medidas de conten\u00e7\u00e3o. Enquanto isso, o ministro Mandetta mostra preocupa\u00e7\u00e3o com a falta de equipamentos e UTIs. Ou seja, o n\u00edvel de preocupa\u00e7\u00e3o dos dois \u00e9 completamente oposto.<br>Se Bolsonaro tem realmente alguma preocupa\u00e7\u00e3o com os mais pobres precisa mesmo \u00e9 se preocupar em agilizar o pagamento do aux\u00edlio de R$ 600 a trabalhadores informais. A burocracia do Governo atrapalha o pagamento e sobram d\u00favidas entre as pessoas sobre quando e como ter\u00e3o acesso ao dinheiro.<\/p>\n\n\n\n<figure class=\"wp-block-gallery columns-1 is-cropped wp-block-gallery-1 is-layout-flex wp-block-gallery-is-layout-flex\"><ul class=\"blocks-gallery-grid\"><li class=\"blocks-gallery-item\"><figure><img loading=\"lazy\" decoding=\"async\" width=\"715\" height=\"429\" src=\"http:\/\/blogdorogeriogomes.com.br\/wp-content\/uploads\/2020\/04\/images-11.jpeg\" alt=\"\" data-id=\"16176\" data-full-url=\"http:\/\/blogdorogeriogomes.com.br\/wp-content\/uploads\/2020\/04\/images-11.jpeg\" data-link=\"http:\/\/blogdorogeriogomes.com.br\/?attachment_id=16176\" class=\"wp-image-16176\" srcset=\"https:\/\/blogdorogeriogomes.com.br\/noticias\/wp-content\/uploads\/2020\/04\/images-11.jpeg 715w, https:\/\/blogdorogeriogomes.com.br\/noticias\/wp-content\/uploads\/2020\/04\/images-11-300x180.jpeg 300w\" sizes=\"auto, (max-width: 715px) 100vw, 715px\" \/><\/figure><\/li><\/ul><\/figure>\n","protected":false},"excerpt":{"rendered":"<p>Todos os dias, o brasileiro comum tenta entender o comportamento do presidente Jair Bolsonaro. Um dia, o Presidente da Rep\u00fablica faz um discurso conciliat\u00f3rio com governadores e prefeitos. No outro, vai para o ataque e &#8220;queima&#8221; at\u00e9 membros da pr\u00f3pria equipe. H\u00e1 v\u00e1rios dias, o conflito com o ministro da Sa\u00fade, Luiz Henrique Mandetta vem sendo revelado pela m\u00eddia. Nesta quinta-feira, dia 2 de abril, o pr\u00f3prio Bolsonaro confirmou o desgaste com Mandetta em entrevista a R\u00e1dio Jovem Pan.&hellip;<\/p>\n","protected":false},"author":1,"featured_media":16176,"comment_status":"open","ping_status":"open","sticky":false,"template":"","format":"standard","meta":{"footnotes":""},"categories":[1],"tags":[],"class_list":["post-16175","post","type-post","status-publish","format-standard","has-post-thumbnail","hentry","category-noticias"],"_links":{"self":[{"href":"https:\/\/blogdorogeriogomes.com.br\/noticias\/wp-json\/wp\/v2\/posts\/16175","targetHints":{"allow":["GET"]}}],"collection":[{"href":"https:\/\/blogdorogeriogomes.com.br\/noticias\/wp-json\/wp\/v2\/posts"}],"about":[{"href":"https:\/\/blogdorogeriogomes.com.br\/noticias\/wp-json\/wp\/v2\/types\/post"}],"author":[{"embeddable":true,"href":"https:\/\/blogdorogeriogomes.com.br\/noticias\/wp-json\/wp\/v2\/users\/1"}],"replies":[{"embeddable":true,"href":"https:\/\/blogdorogeriogomes.com.br\/noticias\/wp-json\/wp\/v2\/comments?post=16175"}],"version-history":[{"count":1,"href":"https:\/\/blogdorogeriogomes.com.br\/noticias\/wp-json\/wp\/v2\/posts\/16175\/revisions"}],"predecessor-version":[{"id":16177,"href":"https:\/\/blogdorogeriogomes.com.br\/noticias\/wp-json\/wp\/v2\/posts\/16175\/revisions\/16177"}],"wp:featuredmedia":[{"embeddable":true,"href":"https:\/\/blogdorogeriogomes.com.br\/noticias\/wp-json\/wp\/v2\/media\/16176"}],"wp:attachment":[{"href":"https:\/\/blogdorogeriogomes.com.br\/noticias\/wp-json\/wp\/v2\/media?parent=16175"}],"wp:term":[{"taxonomy":"category","embeddable":true,"href":"https:\/\/blogdorogeriogomes.com.br\/noticias\/wp-json\/wp\/v2\/categories?post=16175"},{"taxonomy":"post_tag","embeddable":true,"href":"https:\/\/blogdorogeriogomes.com.br\/noticias\/wp-json\/wp\/v2\/tags?post=16175"}],"curies":[{"name":"wp","href":"https:\/\/api.w.org\/{rel}","templated":true}]}}