{"id":16178,"date":"2020-04-03T11:44:01","date_gmt":"2020-04-03T11:44:01","guid":{"rendered":"http:\/\/blogdorogeriogomes.com.br\/?p=16178"},"modified":"2020-04-03T12:29:29","modified_gmt":"2020-04-03T12:29:29","slug":"bairros-coco-meireles-e-fatima-lideram-mortes-por-coronavirus-em-fortaleza","status":"publish","type":"post","link":"https:\/\/blogdorogeriogomes.com.br\/noticias\/2020\/04\/bairros-coco-meireles-e-fatima-lideram-mortes-por-coronavirus-em-fortaleza\/","title":{"rendered":"Bairros Coc\u00f3, Meireles e F\u00e1tima lideram mortes por coronav\u00edrus em Fortaleza"},"content":{"rendered":"\n<p>A secret\u00e1ria Municipal de Sa\u00fade de Fortaleza, Joana Maciel, divulgou um detalhamento de bairros com n\u00famero de \u00f3bitos por conta da Covid-19. Os bairros Meireles, Coc\u00f3 e F\u00e1tima aparecem com duas mortes por coronav\u00edrus cada. Foram observados \u00f3bitos em moradores de 13 bairros da Capital. No total, o Cear\u00e1 registrou, at\u00e9 o momento, 21 mortes por Covid-19, sendo 16 delas na capital. Fortaleza tem 563 casos confirmados.<br>A Regional II foi apontada como a principal concentra\u00e7\u00e3o de casos confirmados do novo coronav\u00edrus em Fortaleza. Os bairros mais afetados pelo v\u00edrus s\u00e3o Meireles, Mucuripe, Aldeota, Coc\u00f3 e Guararapes. A presen\u00e7a do novo coronav\u00edrus j\u00e1 foi constatada em 50 bairros da capital cearense, em todas as regionais. <\/p>\n\n\n\n<figure class=\"wp-block-gallery columns-1 is-cropped wp-block-gallery-1 is-layout-flex wp-block-gallery-is-layout-flex\"><ul class=\"blocks-gallery-grid\"><li class=\"blocks-gallery-item\"><figure><img loading=\"lazy\" decoding=\"async\" width=\"1024\" height=\"683\" src=\"http:\/\/blogdorogeriogomes.com.br\/wp-content\/uploads\/2020\/04\/joana_maciel__1_-10392823-1024x683.jpg\" alt=\"\" data-id=\"16179\" data-full-url=\"http:\/\/blogdorogeriogomes.com.br\/wp-content\/uploads\/2020\/04\/joana_maciel__1_-10392823.jpg\" data-link=\"http:\/\/blogdorogeriogomes.com.br\/?attachment_id=16179\" class=\"wp-image-16179\" srcset=\"https:\/\/blogdorogeriogomes.com.br\/noticias\/wp-content\/uploads\/2020\/04\/joana_maciel__1_-10392823-1024x683.jpg 1024w, https:\/\/blogdorogeriogomes.com.br\/noticias\/wp-content\/uploads\/2020\/04\/joana_maciel__1_-10392823-300x200.jpg 300w, https:\/\/blogdorogeriogomes.com.br\/noticias\/wp-content\/uploads\/2020\/04\/joana_maciel__1_-10392823-768x512.jpg 768w, https:\/\/blogdorogeriogomes.com.br\/noticias\/wp-content\/uploads\/2020\/04\/joana_maciel__1_-10392823-800x533.jpg 800w, https:\/\/blogdorogeriogomes.com.br\/noticias\/wp-content\/uploads\/2020\/04\/joana_maciel__1_-10392823.jpg 1140w\" sizes=\"auto, (max-width: 1024px) 100vw, 1024px\" \/><\/figure><\/li><\/ul><\/figure>\n","protected":false},"excerpt":{"rendered":"<p>A secret\u00e1ria Municipal de Sa\u00fade de Fortaleza, Joana Maciel, divulgou um detalhamento de bairros com n\u00famero de \u00f3bitos por conta da Covid-19. Os bairros Meireles, Coc\u00f3 e F\u00e1tima aparecem com duas mortes por coronav\u00edrus cada. Foram observados \u00f3bitos em moradores de 13 bairros da Capital. No total, o Cear\u00e1 registrou, at\u00e9 o momento, 21 mortes por Covid-19, sendo 16 delas na capital. Fortaleza tem 563 casos confirmados.A Regional II foi apontada como a principal concentra\u00e7\u00e3o de casos confirmados do&hellip;<\/p>\n","protected":false},"author":1,"featured_media":16179,"comment_status":"open","ping_status":"open","sticky":false,"template":"","format":"standard","meta":{"footnotes":""},"categories":[1],"tags":[],"class_list":["post-16178","post","type-post","status-publish","format-standard","has-post-thumbnail","hentry","category-noticias"],"_links":{"self":[{"href":"https:\/\/blogdorogeriogomes.com.br\/noticias\/wp-json\/wp\/v2\/posts\/16178","targetHints":{"allow":["GET"]}}],"collection":[{"href":"https:\/\/blogdorogeriogomes.com.br\/noticias\/wp-json\/wp\/v2\/posts"}],"about":[{"href":"https:\/\/blogdorogeriogomes.com.br\/noticias\/wp-json\/wp\/v2\/types\/post"}],"author":[{"embeddable":true,"href":"https:\/\/blogdorogeriogomes.com.br\/noticias\/wp-json\/wp\/v2\/users\/1"}],"replies":[{"embeddable":true,"href":"https:\/\/blogdorogeriogomes.com.br\/noticias\/wp-json\/wp\/v2\/comments?post=16178"}],"version-history":[{"count":1,"href":"https:\/\/blogdorogeriogomes.com.br\/noticias\/wp-json\/wp\/v2\/posts\/16178\/revisions"}],"predecessor-version":[{"id":16180,"href":"https:\/\/blogdorogeriogomes.com.br\/noticias\/wp-json\/wp\/v2\/posts\/16178\/revisions\/16180"}],"wp:featuredmedia":[{"embeddable":true,"href":"https:\/\/blogdorogeriogomes.com.br\/noticias\/wp-json\/wp\/v2\/media\/16179"}],"wp:attachment":[{"href":"https:\/\/blogdorogeriogomes.com.br\/noticias\/wp-json\/wp\/v2\/media?parent=16178"}],"wp:term":[{"taxonomy":"category","embeddable":true,"href":"https:\/\/blogdorogeriogomes.com.br\/noticias\/wp-json\/wp\/v2\/categories?post=16178"},{"taxonomy":"post_tag","embeddable":true,"href":"https:\/\/blogdorogeriogomes.com.br\/noticias\/wp-json\/wp\/v2\/tags?post=16178"}],"curies":[{"name":"wp","href":"https:\/\/api.w.org\/{rel}","templated":true}]}}