{"id":16186,"date":"2020-04-03T17:26:52","date_gmt":"2020-04-03T17:26:52","guid":{"rendered":"http:\/\/blogdorogeriogomes.com.br\/?p=16186"},"modified":"2020-04-06T16:16:52","modified_gmt":"2020-04-06T16:16:52","slug":"prefeito-roberto-claudio-lanca-programa-renda-em-casa-para-familias-de-baixa-renda-em-fortaleza","status":"publish","type":"post","link":"https:\/\/blogdorogeriogomes.com.br\/noticias\/2020\/04\/prefeito-roberto-claudio-lanca-programa-renda-em-casa-para-familias-de-baixa-renda-em-fortaleza\/","title":{"rendered":"Prefeito Roberto Cl\u00e1udio lan\u00e7a Programa Renda em Casa para fam\u00edlias de baixa renda em Fortaleza"},"content":{"rendered":"\n<p>O prefeito Roberto Cl\u00e1udio anunciou, na manh\u00e3 desta sexta-feira, dia 3 de abril, o segundo conjunto de a\u00e7\u00f5es de prote\u00e7\u00e3o social para diminuir os impactos econ\u00f4micos da pandemia do coronav\u00edrus em fam\u00edlias de baixa renda em Fortaleza.&nbsp;O Programa Renda em Casa vai beneficiar diretamente 17.500 fam\u00edlias durante dois meses.<\/p>\n\n\n\n<p>&#8220;S\u00e3o ambulantes, feirantes, permission\u00e1rios ou artes\u00e3os que t\u00eam cadastro oficial no Munic\u00edpio de Fortaleza. Como temos um Fundo Municipal de Desenvolvimento Econ\u00f4mico que gerencia pol\u00edticas p\u00fablicas de microcr\u00e9dito e apoio ao empreendedor, n\u00f3s vamos pedir \u00e0 C\u00e2mara Municipal a permiss\u00e3o de utilizar esse fundo como aux\u00edlio de apoio \u00e0 renda. Os aut\u00f4nomos mais vulner\u00e1veis cadastrados ter\u00e3o a renda adicional de R$ 100 durante dois meses. Caso a C\u00e2mara aprove essa lei em car\u00e1ter de urg\u00eancia, faremos um chamamento para que o pagamento seja efetuado at\u00e9 o final de abril&#8221;, explicou Roberto Cl\u00e1udio.<\/p>\n\n\n\n<figure class=\"wp-block-gallery columns-1 is-cropped wp-block-gallery-1 is-layout-flex wp-block-gallery-is-layout-flex\"><ul class=\"blocks-gallery-grid\"><li class=\"blocks-gallery-item\"><figure><img loading=\"lazy\" decoding=\"async\" width=\"835\" height=\"470\" src=\"http:\/\/blogdorogeriogomes.com.br\/wp-content\/uploads\/2020\/04\/01-03-04-2020-Live.jpeg\" alt=\"\" data-id=\"16187\" data-full-url=\"http:\/\/blogdorogeriogomes.com.br\/wp-content\/uploads\/2020\/04\/01-03-04-2020-Live.jpeg\" data-link=\"http:\/\/blogdorogeriogomes.com.br\/?attachment_id=16187\" class=\"wp-image-16187\" srcset=\"https:\/\/blogdorogeriogomes.com.br\/noticias\/wp-content\/uploads\/2020\/04\/01-03-04-2020-Live.jpeg 835w, https:\/\/blogdorogeriogomes.com.br\/noticias\/wp-content\/uploads\/2020\/04\/01-03-04-2020-Live-300x169.jpeg 300w, https:\/\/blogdorogeriogomes.com.br\/noticias\/wp-content\/uploads\/2020\/04\/01-03-04-2020-Live-768x432.jpeg 768w, https:\/\/blogdorogeriogomes.com.br\/noticias\/wp-content\/uploads\/2020\/04\/01-03-04-2020-Live-800x450.jpeg 800w\" sizes=\"auto, (max-width: 835px) 100vw, 835px\" \/><\/figure><\/li><\/ul><\/figure>\n","protected":false},"excerpt":{"rendered":"<p>O prefeito Roberto Cl\u00e1udio anunciou, na manh\u00e3 desta sexta-feira, dia 3 de abril, o segundo conjunto de a\u00e7\u00f5es de prote\u00e7\u00e3o social para diminuir os impactos econ\u00f4micos da pandemia do coronav\u00edrus em fam\u00edlias de baixa renda em Fortaleza.&nbsp;O Programa Renda em Casa vai beneficiar diretamente 17.500 fam\u00edlias durante dois meses. &#8220;S\u00e3o ambulantes, feirantes, permission\u00e1rios ou artes\u00e3os que t\u00eam cadastro oficial no Munic\u00edpio de Fortaleza. Como temos um Fundo Municipal de Desenvolvimento Econ\u00f4mico que gerencia pol\u00edticas p\u00fablicas de microcr\u00e9dito e apoio&hellip;<\/p>\n","protected":false},"author":1,"featured_media":16187,"comment_status":"open","ping_status":"open","sticky":false,"template":"","format":"standard","meta":{"footnotes":""},"categories":[1],"tags":[],"class_list":["post-16186","post","type-post","status-publish","format-standard","has-post-thumbnail","hentry","category-noticias"],"_links":{"self":[{"href":"https:\/\/blogdorogeriogomes.com.br\/noticias\/wp-json\/wp\/v2\/posts\/16186","targetHints":{"allow":["GET"]}}],"collection":[{"href":"https:\/\/blogdorogeriogomes.com.br\/noticias\/wp-json\/wp\/v2\/posts"}],"about":[{"href":"https:\/\/blogdorogeriogomes.com.br\/noticias\/wp-json\/wp\/v2\/types\/post"}],"author":[{"embeddable":true,"href":"https:\/\/blogdorogeriogomes.com.br\/noticias\/wp-json\/wp\/v2\/users\/1"}],"replies":[{"embeddable":true,"href":"https:\/\/blogdorogeriogomes.com.br\/noticias\/wp-json\/wp\/v2\/comments?post=16186"}],"version-history":[{"count":2,"href":"https:\/\/blogdorogeriogomes.com.br\/noticias\/wp-json\/wp\/v2\/posts\/16186\/revisions"}],"predecessor-version":[{"id":16207,"href":"https:\/\/blogdorogeriogomes.com.br\/noticias\/wp-json\/wp\/v2\/posts\/16186\/revisions\/16207"}],"wp:featuredmedia":[{"embeddable":true,"href":"https:\/\/blogdorogeriogomes.com.br\/noticias\/wp-json\/wp\/v2\/media\/16187"}],"wp:attachment":[{"href":"https:\/\/blogdorogeriogomes.com.br\/noticias\/wp-json\/wp\/v2\/media?parent=16186"}],"wp:term":[{"taxonomy":"category","embeddable":true,"href":"https:\/\/blogdorogeriogomes.com.br\/noticias\/wp-json\/wp\/v2\/categories?post=16186"},{"taxonomy":"post_tag","embeddable":true,"href":"https:\/\/blogdorogeriogomes.com.br\/noticias\/wp-json\/wp\/v2\/tags?post=16186"}],"curies":[{"name":"wp","href":"https:\/\/api.w.org\/{rel}","templated":true}]}}