{"id":16198,"date":"2020-04-04T21:52:13","date_gmt":"2020-04-04T21:52:13","guid":{"rendered":"http:\/\/blogdorogeriogomes.com.br\/?p=16198"},"modified":"2020-04-06T16:18:43","modified_gmt":"2020-04-06T16:18:43","slug":"governador-camilo-santana-prorroga-quarentena-no-ceara-por-mais-15-dias","status":"publish","type":"post","link":"https:\/\/blogdorogeriogomes.com.br\/noticias\/2020\/04\/governador-camilo-santana-prorroga-quarentena-no-ceara-por-mais-15-dias\/","title":{"rendered":"Governador Camilo Santana prorroga quarentena no Cear\u00e1 por mais 15 dias"},"content":{"rendered":"\n<p>Em live realizada no fim da tarde deste s\u00e1bado, dia 4 de abril, o governador do Cear\u00e1, Camilo Santana, informou que ir\u00e1 prorrogar a portaria de isolamento social no Estado por mais 15 dias. Ou seja, at\u00e9 o dia 20 de abril. A portaria anterior termina neste domingo, dia 5. A nova portaria mant\u00e9m a mesma proibi\u00e7\u00e3o de funcionamento de escolas, com\u00e9rcio e transporte intermunicipal.<\/p>\n\n\n\n<p>Conforme boletim da Secretaria de Sa\u00fade do Cear\u00e1, divulgado neste s\u00e1bado, o n\u00famero de casos confirmados do coronav\u00edrus no Estado passou para 745, com 23 mortes registradas pela doen\u00e7a.<\/p>\n\n\n\n<p>O Minist\u00e9rio da Sa\u00fade anunciou que subiu para 432 o n\u00famero de mortes pelo novo coronav\u00edrus no Brasil. Um aumento de 73 \u00f3bitos confirmados nas \u00faltimas 24 horas. No total, s\u00e3o 10.278 casos oficiais no Pa\u00eds at\u00e9 agora.<\/p>\n\n\n\n<figure class=\"wp-block-gallery columns-1 is-cropped wp-block-gallery-1 is-layout-flex wp-block-gallery-is-layout-flex\"><ul class=\"blocks-gallery-grid\"><li class=\"blocks-gallery-item\"><figure><img loading=\"lazy\" decoding=\"async\" width=\"750\" height=\"499\" src=\"http:\/\/blogdorogeriogomes.com.br\/wp-content\/uploads\/2020\/04\/1_camilo_santana_live_opovo-12321437.jpg\" alt=\"\" data-id=\"16199\" data-full-url=\"http:\/\/blogdorogeriogomes.com.br\/wp-content\/uploads\/2020\/04\/1_camilo_santana_live_opovo-12321437.jpg\" data-link=\"http:\/\/blogdorogeriogomes.com.br\/?attachment_id=16199\" class=\"wp-image-16199\" srcset=\"https:\/\/blogdorogeriogomes.com.br\/noticias\/wp-content\/uploads\/2020\/04\/1_camilo_santana_live_opovo-12321437.jpg 750w, https:\/\/blogdorogeriogomes.com.br\/noticias\/wp-content\/uploads\/2020\/04\/1_camilo_santana_live_opovo-12321437-300x200.jpg 300w\" sizes=\"auto, (max-width: 750px) 100vw, 750px\" \/><\/figure><\/li><\/ul><\/figure>\n","protected":false},"excerpt":{"rendered":"<p>Em live realizada no fim da tarde deste s\u00e1bado, dia 4 de abril, o governador do Cear\u00e1, Camilo Santana, informou que ir\u00e1 prorrogar a portaria de isolamento social no Estado por mais 15 dias. Ou seja, at\u00e9 o dia 20 de abril. A portaria anterior termina neste domingo, dia 5. A nova portaria mant\u00e9m a mesma proibi\u00e7\u00e3o de funcionamento de escolas, com\u00e9rcio e transporte intermunicipal. Conforme boletim da Secretaria de Sa\u00fade do Cear\u00e1, divulgado neste s\u00e1bado, o n\u00famero de&hellip;<\/p>\n","protected":false},"author":1,"featured_media":16199,"comment_status":"open","ping_status":"open","sticky":false,"template":"","format":"standard","meta":{"footnotes":""},"categories":[1],"tags":[],"class_list":["post-16198","post","type-post","status-publish","format-standard","has-post-thumbnail","hentry","category-noticias"],"_links":{"self":[{"href":"https:\/\/blogdorogeriogomes.com.br\/noticias\/wp-json\/wp\/v2\/posts\/16198","targetHints":{"allow":["GET"]}}],"collection":[{"href":"https:\/\/blogdorogeriogomes.com.br\/noticias\/wp-json\/wp\/v2\/posts"}],"about":[{"href":"https:\/\/blogdorogeriogomes.com.br\/noticias\/wp-json\/wp\/v2\/types\/post"}],"author":[{"embeddable":true,"href":"https:\/\/blogdorogeriogomes.com.br\/noticias\/wp-json\/wp\/v2\/users\/1"}],"replies":[{"embeddable":true,"href":"https:\/\/blogdorogeriogomes.com.br\/noticias\/wp-json\/wp\/v2\/comments?post=16198"}],"version-history":[{"count":3,"href":"https:\/\/blogdorogeriogomes.com.br\/noticias\/wp-json\/wp\/v2\/posts\/16198\/revisions"}],"predecessor-version":[{"id":16202,"href":"https:\/\/blogdorogeriogomes.com.br\/noticias\/wp-json\/wp\/v2\/posts\/16198\/revisions\/16202"}],"wp:featuredmedia":[{"embeddable":true,"href":"https:\/\/blogdorogeriogomes.com.br\/noticias\/wp-json\/wp\/v2\/media\/16199"}],"wp:attachment":[{"href":"https:\/\/blogdorogeriogomes.com.br\/noticias\/wp-json\/wp\/v2\/media?parent=16198"}],"wp:term":[{"taxonomy":"category","embeddable":true,"href":"https:\/\/blogdorogeriogomes.com.br\/noticias\/wp-json\/wp\/v2\/categories?post=16198"},{"taxonomy":"post_tag","embeddable":true,"href":"https:\/\/blogdorogeriogomes.com.br\/noticias\/wp-json\/wp\/v2\/tags?post=16198"}],"curies":[{"name":"wp","href":"https:\/\/api.w.org\/{rel}","templated":true}]}}