{"id":16203,"date":"2020-04-06T11:28:04","date_gmt":"2020-04-06T11:28:04","guid":{"rendered":"http:\/\/blogdorogeriogomes.com.br\/?p=16203"},"modified":"2020-04-06T16:18:09","modified_gmt":"2020-04-06T16:18:09","slug":"camilo-santana-recua-e-mantem-rigidez-do-decreto-de-quarentena-no-ceara","status":"publish","type":"post","link":"https:\/\/blogdorogeriogomes.com.br\/noticias\/2020\/04\/camilo-santana-recua-e-mantem-rigidez-do-decreto-de-quarentena-no-ceara\/","title":{"rendered":"Camilo Santana recua e mant\u00e9m rigidez do decreto de quarentena no Cear\u00e1"},"content":{"rendered":"\n<p>O governador do Cear\u00e1, Camilo Santana, recuou da decis\u00e3o de dar mais flexibilidade  no decreto de quarentena no Cear\u00e1. Assim, nesta segunda-feira, dia 6 de abril, passa a valer um novo decreto governamental pelos pr\u00f3ximos 15 dias, onde ficam valendo as mesmas proibi\u00e7\u00f5es do decreto anterior que impede o funcionamento do com\u00e9rcio, ind\u00fastrias, escolas e tamb\u00e9m o transporte intermunicipal. No domingo, dia 5, Camilo avaliou a possibilidade de flexibilizar o funcionamento de alguns setores do com\u00e9rcio e ind\u00fastria. No entanto, por orienta\u00e7\u00e3o do Comit\u00ea de Sa\u00fade do Estado, o governador recuou da concess\u00e3o.<\/p>\n\n\n\n<p>O Cear\u00e1 atingiu neste domingo, dia 5, 26&nbsp;mortes e 824 casos do novo coronav\u00edrus. No Brasil, s\u00e3o 11.130 casos confirmados com 486 mortes. Os dados s\u00e3o do \u00faltimo boletim do Minist\u00e9rio da Sa\u00fade.<\/p>\n\n\n\n<figure class=\"wp-block-gallery columns-1 is-cropped wp-block-gallery-1 is-layout-flex wp-block-gallery-is-layout-flex\"><ul class=\"blocks-gallery-grid\"><li class=\"blocks-gallery-item\"><figure><img loading=\"lazy\" decoding=\"async\" width=\"640\" height=\"480\" src=\"http:\/\/blogdorogeriogomes.com.br\/wp-content\/uploads\/2020\/04\/images-13.jpeg\" alt=\"\" data-id=\"16204\" data-full-url=\"http:\/\/blogdorogeriogomes.com.br\/wp-content\/uploads\/2020\/04\/images-13.jpeg\" data-link=\"http:\/\/blogdorogeriogomes.com.br\/?attachment_id=16204\" class=\"wp-image-16204\" srcset=\"https:\/\/blogdorogeriogomes.com.br\/noticias\/wp-content\/uploads\/2020\/04\/images-13.jpeg 640w, https:\/\/blogdorogeriogomes.com.br\/noticias\/wp-content\/uploads\/2020\/04\/images-13-300x225.jpeg 300w, https:\/\/blogdorogeriogomes.com.br\/noticias\/wp-content\/uploads\/2020\/04\/images-13-400x300.jpeg 400w\" sizes=\"auto, (max-width: 640px) 100vw, 640px\" \/><\/figure><\/li><\/ul><\/figure>\n","protected":false},"excerpt":{"rendered":"<p>O governador do Cear\u00e1, Camilo Santana, recuou da decis\u00e3o de dar mais flexibilidade no decreto de quarentena no Cear\u00e1. Assim, nesta segunda-feira, dia 6 de abril, passa a valer um novo decreto governamental pelos pr\u00f3ximos 15 dias, onde ficam valendo as mesmas proibi\u00e7\u00f5es do decreto anterior que impede o funcionamento do com\u00e9rcio, ind\u00fastrias, escolas e tamb\u00e9m o transporte intermunicipal. No domingo, dia 5, Camilo avaliou a possibilidade de flexibilizar o funcionamento de alguns setores do com\u00e9rcio e ind\u00fastria. No&hellip;<\/p>\n","protected":false},"author":1,"featured_media":16204,"comment_status":"open","ping_status":"open","sticky":false,"template":"","format":"standard","meta":{"footnotes":""},"categories":[1],"tags":[],"class_list":["post-16203","post","type-post","status-publish","format-standard","has-post-thumbnail","hentry","category-noticias"],"_links":{"self":[{"href":"https:\/\/blogdorogeriogomes.com.br\/noticias\/wp-json\/wp\/v2\/posts\/16203","targetHints":{"allow":["GET"]}}],"collection":[{"href":"https:\/\/blogdorogeriogomes.com.br\/noticias\/wp-json\/wp\/v2\/posts"}],"about":[{"href":"https:\/\/blogdorogeriogomes.com.br\/noticias\/wp-json\/wp\/v2\/types\/post"}],"author":[{"embeddable":true,"href":"https:\/\/blogdorogeriogomes.com.br\/noticias\/wp-json\/wp\/v2\/users\/1"}],"replies":[{"embeddable":true,"href":"https:\/\/blogdorogeriogomes.com.br\/noticias\/wp-json\/wp\/v2\/comments?post=16203"}],"version-history":[{"count":2,"href":"https:\/\/blogdorogeriogomes.com.br\/noticias\/wp-json\/wp\/v2\/posts\/16203\/revisions"}],"predecessor-version":[{"id":16206,"href":"https:\/\/blogdorogeriogomes.com.br\/noticias\/wp-json\/wp\/v2\/posts\/16203\/revisions\/16206"}],"wp:featuredmedia":[{"embeddable":true,"href":"https:\/\/blogdorogeriogomes.com.br\/noticias\/wp-json\/wp\/v2\/media\/16204"}],"wp:attachment":[{"href":"https:\/\/blogdorogeriogomes.com.br\/noticias\/wp-json\/wp\/v2\/media?parent=16203"}],"wp:term":[{"taxonomy":"category","embeddable":true,"href":"https:\/\/blogdorogeriogomes.com.br\/noticias\/wp-json\/wp\/v2\/categories?post=16203"},{"taxonomy":"post_tag","embeddable":true,"href":"https:\/\/blogdorogeriogomes.com.br\/noticias\/wp-json\/wp\/v2\/tags?post=16203"}],"curies":[{"name":"wp","href":"https:\/\/api.w.org\/{rel}","templated":true}]}}