{"id":16211,"date":"2020-04-07T00:42:16","date_gmt":"2020-04-07T00:42:16","guid":{"rendered":"http:\/\/blogdorogeriogomes.com.br\/?p=16211"},"modified":"2020-04-07T11:37:22","modified_gmt":"2020-04-07T11:37:22","slug":"em-dia-tenso-ministro-da-saude-luiz-mandetta-diz-que-permanece-no-cargo-apesar-de-ameacas-de-bolsonaro","status":"publish","type":"post","link":"https:\/\/blogdorogeriogomes.com.br\/noticias\/2020\/04\/em-dia-tenso-ministro-da-saude-luiz-mandetta-diz-que-permanece-no-cargo-apesar-de-ameacas-de-bolsonaro\/","title":{"rendered":"Em dia tenso, ministro da Sa\u00fade, Luiz Mandetta, diz que permanece no cargo apesar de amea\u00e7as de Bolsonaro"},"content":{"rendered":"\n<p>A segunda-feira, dia 6 de abril, foi cheia de especula\u00e7\u00f5es e de muita tens\u00e3o no Minist\u00e9rio da Sa\u00fade. As amea\u00e7as do presidente Jair Bolsonaro de demitir o ministro Luiz Mandetta n\u00e3o se confirmaram at\u00e9 a noite. Em coletiva aos jornalistas, Mandetta confirmou que permanece no cargo pelo menos at\u00e9 o fim da pandemia do coronav\u00edrus. As opini\u00f5es do ministro de refor\u00e7o ao isolamento social t\u00eam ido ao encontro do pensamento de Bolsonaro, que deseja o retorno do funcionamento do com\u00e9rcio, ind\u00fastrias e escolas. \u201cGostamos de cr\u00edticas construtivas, o que n\u00e3o gostamos \u00e9 de cr\u00edticas que venham para conturbar o ambiente de trabalho. Hoje, foi um dia que rendeu pouco no minist\u00e9rio, ficou muita gente pensando se eu ia sair ou ficar. N\u00f3s vamos continuar\u201d, afirmou Luiz Mandetta.<\/p>\n\n\n\n<p>Nos bastidores pol\u00edticos em Bras\u00edlia, a informa\u00e7\u00e3o \u00e9 que o recuo de Bolsonaro tem rela\u00e7\u00e3o com uma conversa entre o Presidente e os ministros militares da Casa Civil, Walter Braga Netto, e da Secretaria de Governo, Luiz Eduardo Ramos, de que a melhor decis\u00e3o seria manter o ministro por enquanto. \u00c9 aguardar o pr\u00f3ximo cap\u00edtulo dessa novela.<\/p>\n\n\n\n<figure class=\"wp-block-gallery columns-1 is-cropped wp-block-gallery-1 is-layout-flex wp-block-gallery-is-layout-flex\"><ul class=\"blocks-gallery-grid\"><li class=\"blocks-gallery-item\"><figure><img loading=\"lazy\" decoding=\"async\" width=\"600\" height=\"292\" src=\"http:\/\/blogdorogeriogomes.com.br\/wp-content\/uploads\/2020\/04\/images-15.jpeg\" alt=\"\" data-id=\"16212\" data-full-url=\"http:\/\/blogdorogeriogomes.com.br\/wp-content\/uploads\/2020\/04\/images-15.jpeg\" data-link=\"http:\/\/blogdorogeriogomes.com.br\/?attachment_id=16212\" class=\"wp-image-16212\" srcset=\"https:\/\/blogdorogeriogomes.com.br\/noticias\/wp-content\/uploads\/2020\/04\/images-15.jpeg 600w, https:\/\/blogdorogeriogomes.com.br\/noticias\/wp-content\/uploads\/2020\/04\/images-15-300x146.jpeg 300w\" sizes=\"auto, (max-width: 600px) 100vw, 600px\" \/><\/figure><\/li><\/ul><\/figure>\n","protected":false},"excerpt":{"rendered":"<p>A segunda-feira, dia 6 de abril, foi cheia de especula\u00e7\u00f5es e de muita tens\u00e3o no Minist\u00e9rio da Sa\u00fade. As amea\u00e7as do presidente Jair Bolsonaro de demitir o ministro Luiz Mandetta n\u00e3o se confirmaram at\u00e9 a noite. Em coletiva aos jornalistas, Mandetta confirmou que permanece no cargo pelo menos at\u00e9 o fim da pandemia do coronav\u00edrus. As opini\u00f5es do ministro de refor\u00e7o ao isolamento social t\u00eam ido ao encontro do pensamento de Bolsonaro, que deseja o retorno do funcionamento do&hellip;<\/p>\n","protected":false},"author":1,"featured_media":16212,"comment_status":"open","ping_status":"open","sticky":false,"template":"","format":"standard","meta":{"footnotes":""},"categories":[1],"tags":[],"class_list":["post-16211","post","type-post","status-publish","format-standard","has-post-thumbnail","hentry","category-noticias"],"_links":{"self":[{"href":"https:\/\/blogdorogeriogomes.com.br\/noticias\/wp-json\/wp\/v2\/posts\/16211","targetHints":{"allow":["GET"]}}],"collection":[{"href":"https:\/\/blogdorogeriogomes.com.br\/noticias\/wp-json\/wp\/v2\/posts"}],"about":[{"href":"https:\/\/blogdorogeriogomes.com.br\/noticias\/wp-json\/wp\/v2\/types\/post"}],"author":[{"embeddable":true,"href":"https:\/\/blogdorogeriogomes.com.br\/noticias\/wp-json\/wp\/v2\/users\/1"}],"replies":[{"embeddable":true,"href":"https:\/\/blogdorogeriogomes.com.br\/noticias\/wp-json\/wp\/v2\/comments?post=16211"}],"version-history":[{"count":1,"href":"https:\/\/blogdorogeriogomes.com.br\/noticias\/wp-json\/wp\/v2\/posts\/16211\/revisions"}],"predecessor-version":[{"id":16213,"href":"https:\/\/blogdorogeriogomes.com.br\/noticias\/wp-json\/wp\/v2\/posts\/16211\/revisions\/16213"}],"wp:featuredmedia":[{"embeddable":true,"href":"https:\/\/blogdorogeriogomes.com.br\/noticias\/wp-json\/wp\/v2\/media\/16212"}],"wp:attachment":[{"href":"https:\/\/blogdorogeriogomes.com.br\/noticias\/wp-json\/wp\/v2\/media?parent=16211"}],"wp:term":[{"taxonomy":"category","embeddable":true,"href":"https:\/\/blogdorogeriogomes.com.br\/noticias\/wp-json\/wp\/v2\/categories?post=16211"},{"taxonomy":"post_tag","embeddable":true,"href":"https:\/\/blogdorogeriogomes.com.br\/noticias\/wp-json\/wp\/v2\/tags?post=16211"}],"curies":[{"name":"wp","href":"https:\/\/api.w.org\/{rel}","templated":true}]}}