{"id":16217,"date":"2020-04-07T10:40:42","date_gmt":"2020-04-07T10:40:42","guid":{"rendered":"http:\/\/blogdorogeriogomes.com.br\/?p=16217"},"modified":"2020-04-07T11:37:01","modified_gmt":"2020-04-07T11:37:01","slug":"partidos-politicos-organizam-as-bases-para-disputa-das-vagas-de-vereador-em-fortaleza","status":"publish","type":"post","link":"https:\/\/blogdorogeriogomes.com.br\/noticias\/2020\/04\/partidos-politicos-organizam-as-bases-para-disputa-das-vagas-de-vereador-em-fortaleza\/","title":{"rendered":"Partidos pol\u00edticos organizam as bases para disputa das vagas de vereador em Fortaleza"},"content":{"rendered":"\n<p>Diante do avan\u00e7o do coronav\u00edrus no Pa\u00eds, a data das elei\u00e7\u00f5es municipais de 2020, que v\u00e3o eleger novos prefeitos e vereadores, ainda \u00e9 incerta. O Tribunal Superior Eleitoral (TSE) trabalha com a possibilidade do pleito ser transferido para dezembro desse ano.<\/p>\n\n\n\n<p>At\u00e9 l\u00e1, os prazos para os candidatos est\u00e3o correndo. No \u00faltimo fim de semana, vereadores de Fortaleza fizeram as suas \u00faltimas movimenta\u00e7\u00f5es de troca de agremia\u00e7\u00e3o com o fim do prazo da janela partid\u00e1ria. Na C\u00e2mara Municipal de Fortaleza, muitos partidos mudaram suas bancadas.<\/p>\n\n\n\n<p>O PDT, do prefeito Roberto Cl\u00e1udio, recebeu novas ades\u00f5es. O partido conta hoje com a maior bancada da Casa. S\u00e3o 16 vereadores. A disputa interna promete ser forte, j\u00e1 que alguns secret\u00e1rios municipais foram exonerados para concorrer a uma vaga no Legislativo. S\u00e3o os casos de L\u00facio Bruno, ex-coordenador especial de articula\u00e7\u00e3o pol\u00edtica da Prefeitura; Mosiah Caldas Torgan, ex-titular da Secretaria Municipal de Desenvolvimento Econ\u00f4mico (SDE), e J\u00falio Brizzi, ex-coordenador especial de pol\u00edticas p\u00fablicas de Juventude da Prefeitura.<\/p>\n\n\n\n<p>A base de Roberto Cl\u00e1udio no Legislativo Municipal ainda \u00e9 bastante forte, com a participa\u00e7\u00e3o de partidos aliados. S\u00e3o pelo menos 35 vereadores no bloco da situa\u00e7\u00e3o. Na oposi\u00e7\u00e3o, est\u00e3o parlamentares do PT, que deve ter uma candidatura pr\u00f3pria ao Executivo, e vereadores ligados ao deputado federal Capit\u00e3o Wagner, do PROS, que pretende tamb\u00e9m concorrer \u00e0 Prefeitura da Capital.<\/p>\n\n\n\n<figure class=\"wp-block-gallery columns-1 is-cropped wp-block-gallery-1 is-layout-flex wp-block-gallery-is-layout-flex\"><ul class=\"blocks-gallery-grid\"><li class=\"blocks-gallery-item\"><figure><img loading=\"lazy\" decoding=\"async\" width=\"679\" height=\"451\" src=\"http:\/\/blogdorogeriogomes.com.br\/wp-content\/uploads\/2020\/04\/images-17.jpeg\" alt=\"\" data-id=\"16218\" data-full-url=\"http:\/\/blogdorogeriogomes.com.br\/wp-content\/uploads\/2020\/04\/images-17.jpeg\" data-link=\"http:\/\/blogdorogeriogomes.com.br\/?attachment_id=16218\" class=\"wp-image-16218\" srcset=\"https:\/\/blogdorogeriogomes.com.br\/noticias\/wp-content\/uploads\/2020\/04\/images-17.jpeg 679w, https:\/\/blogdorogeriogomes.com.br\/noticias\/wp-content\/uploads\/2020\/04\/images-17-300x199.jpeg 300w\" sizes=\"auto, (max-width: 679px) 100vw, 679px\" \/><\/figure><\/li><\/ul><\/figure>\n","protected":false},"excerpt":{"rendered":"<p>Diante do avan\u00e7o do coronav\u00edrus no Pa\u00eds, a data das elei\u00e7\u00f5es municipais de 2020, que v\u00e3o eleger novos prefeitos e vereadores, ainda \u00e9 incerta. O Tribunal Superior Eleitoral (TSE) trabalha com a possibilidade do pleito ser transferido para dezembro desse ano. At\u00e9 l\u00e1, os prazos para os candidatos est\u00e3o correndo. No \u00faltimo fim de semana, vereadores de Fortaleza fizeram as suas \u00faltimas movimenta\u00e7\u00f5es de troca de agremia\u00e7\u00e3o com o fim do prazo da janela partid\u00e1ria. Na C\u00e2mara Municipal de&hellip;<\/p>\n","protected":false},"author":1,"featured_media":16218,"comment_status":"open","ping_status":"open","sticky":false,"template":"","format":"standard","meta":{"footnotes":""},"categories":[1],"tags":[],"class_list":["post-16217","post","type-post","status-publish","format-standard","has-post-thumbnail","hentry","category-noticias"],"_links":{"self":[{"href":"https:\/\/blogdorogeriogomes.com.br\/noticias\/wp-json\/wp\/v2\/posts\/16217","targetHints":{"allow":["GET"]}}],"collection":[{"href":"https:\/\/blogdorogeriogomes.com.br\/noticias\/wp-json\/wp\/v2\/posts"}],"about":[{"href":"https:\/\/blogdorogeriogomes.com.br\/noticias\/wp-json\/wp\/v2\/types\/post"}],"author":[{"embeddable":true,"href":"https:\/\/blogdorogeriogomes.com.br\/noticias\/wp-json\/wp\/v2\/users\/1"}],"replies":[{"embeddable":true,"href":"https:\/\/blogdorogeriogomes.com.br\/noticias\/wp-json\/wp\/v2\/comments?post=16217"}],"version-history":[{"count":1,"href":"https:\/\/blogdorogeriogomes.com.br\/noticias\/wp-json\/wp\/v2\/posts\/16217\/revisions"}],"predecessor-version":[{"id":16219,"href":"https:\/\/blogdorogeriogomes.com.br\/noticias\/wp-json\/wp\/v2\/posts\/16217\/revisions\/16219"}],"wp:featuredmedia":[{"embeddable":true,"href":"https:\/\/blogdorogeriogomes.com.br\/noticias\/wp-json\/wp\/v2\/media\/16218"}],"wp:attachment":[{"href":"https:\/\/blogdorogeriogomes.com.br\/noticias\/wp-json\/wp\/v2\/media?parent=16217"}],"wp:term":[{"taxonomy":"category","embeddable":true,"href":"https:\/\/blogdorogeriogomes.com.br\/noticias\/wp-json\/wp\/v2\/categories?post=16217"},{"taxonomy":"post_tag","embeddable":true,"href":"https:\/\/blogdorogeriogomes.com.br\/noticias\/wp-json\/wp\/v2\/tags?post=16217"}],"curies":[{"name":"wp","href":"https:\/\/api.w.org\/{rel}","templated":true}]}}