{"id":16221,"date":"2020-04-07T17:09:24","date_gmt":"2020-04-07T17:09:24","guid":{"rendered":"http:\/\/blogdorogeriogomes.com.br\/?p=16221"},"modified":"2020-04-08T12:16:46","modified_gmt":"2020-04-08T12:16:46","slug":"governo-federal-promete-iniciar-pagamento-da-ajuda-de-r-600-a-partir-desta-quinta-feira","status":"publish","type":"post","link":"https:\/\/blogdorogeriogomes.com.br\/noticias\/2020\/04\/governo-federal-promete-iniciar-pagamento-da-ajuda-de-r-600-a-partir-desta-quinta-feira\/","title":{"rendered":"Governo Federal promete iniciar pagamento da ajuda de R$ 600 a partir desta quinta-feira"},"content":{"rendered":"\n<p>O Governo Federal anunciou, nesta ter\u00e7a-feira, dia 7 de abril, o calend\u00e1rio de pagamento da ajuda de R$ 600 reais para trabalhadores informais, MEIs, aut\u00f4nomos, desempregados&nbsp;e benefici\u00e1rios de programas sociais do Governo. O aux\u00edlio emergencial tem o objetivo de amenizar a situa\u00e7\u00e3o financeira de quem n\u00e3o est\u00e1 podendo trabalhar, por causa da quarentena imposta pela pandemia do coronav\u00edrus.<\/p>\n\n\n\n<p>Pelo calend\u00e1rio divulgado pelo Governo Federal, os pagamentos ser\u00e3o iniciados a partir desta quinta-feira, dia 9 de abril, para quem tem conta-poupan\u00e7a na Caixa ou conta-corrente no Banco do Brasil. Os demais devem receber at\u00e9 o dia 14 de abril.<\/p>\n\n\n\n<p>A segunda e a terceira parcela ser\u00e3o pagas de acordo com o m\u00eas de anivers\u00e1rio do cidad\u00e3o. A segunda parcela do aux\u00edlio dever\u00e1 ser paga entre 27 e 30 de abril. A terceira parcela dever\u00e1 ser paga entre 26 e 29 de maio.<\/p>\n\n\n\n<p>A Caixa Econ\u00f4mica Federal disponibilizou  um aplicativo de cadastrar no aux\u00edlio. Quem estava registrado no Cadastro \u00danico at\u00e9 20 de mar\u00e7o de 2020 ou j\u00e1 recebe Bolsa Fam\u00edlia n\u00e3o precisa fazer novo cadastro. <\/p>\n\n\n\n<p>O aplicativo Caixa Aux\u00edlio Emergencial est\u00e1 dispon\u00edvel para sistema Android e iOS. Al\u00e9m disso, tamb\u00e9m foi lan\u00e7ado um site. Para tirar d\u00favidas, o cidad\u00e3o tamb\u00e9m pode tirar d\u00favidas pelo telefone 111. \u00c9 importante ficar atento aos Apps falsos que s\u00e3o oferecidos, solicitando dados atrav\u00e9s de grupos de whatsapp. <\/p>\n\n\n\n<figure class=\"wp-block-gallery columns-1 is-cropped wp-block-gallery-1 is-layout-flex wp-block-gallery-is-layout-flex\"><ul class=\"blocks-gallery-grid\"><li class=\"blocks-gallery-item\"><figure><img loading=\"lazy\" decoding=\"async\" width=\"1024\" height=\"576\" src=\"http:\/\/blogdorogeriogomes.com.br\/wp-content\/uploads\/2020\/04\/Pagamento-em-dinheiro-vivo-na-entrega-e-commerce-1-1024x576.jpg\" alt=\"\" data-id=\"16222\" data-full-url=\"http:\/\/blogdorogeriogomes.com.br\/wp-content\/uploads\/2020\/04\/Pagamento-em-dinheiro-vivo-na-entrega-e-commerce-1.jpg\" data-link=\"http:\/\/blogdorogeriogomes.com.br\/?attachment_id=16222\" class=\"wp-image-16222\" srcset=\"https:\/\/blogdorogeriogomes.com.br\/noticias\/wp-content\/uploads\/2020\/04\/Pagamento-em-dinheiro-vivo-na-entrega-e-commerce-1-1024x576.jpg 1024w, https:\/\/blogdorogeriogomes.com.br\/noticias\/wp-content\/uploads\/2020\/04\/Pagamento-em-dinheiro-vivo-na-entrega-e-commerce-1-300x169.jpg 300w, https:\/\/blogdorogeriogomes.com.br\/noticias\/wp-content\/uploads\/2020\/04\/Pagamento-em-dinheiro-vivo-na-entrega-e-commerce-1-768x432.jpg 768w, https:\/\/blogdorogeriogomes.com.br\/noticias\/wp-content\/uploads\/2020\/04\/Pagamento-em-dinheiro-vivo-na-entrega-e-commerce-1-800x450.jpg 800w, https:\/\/blogdorogeriogomes.com.br\/noticias\/wp-content\/uploads\/2020\/04\/Pagamento-em-dinheiro-vivo-na-entrega-e-commerce-1.jpg 1076w\" sizes=\"auto, (max-width: 1024px) 100vw, 1024px\" \/><\/figure><\/li><\/ul><\/figure>\n\n\n\n<p><\/p>\n","protected":false},"excerpt":{"rendered":"<p>O Governo Federal anunciou, nesta ter\u00e7a-feira, dia 7 de abril, o calend\u00e1rio de pagamento da ajuda de R$ 600 reais para trabalhadores informais, MEIs, aut\u00f4nomos, desempregados&nbsp;e benefici\u00e1rios de programas sociais do Governo. O aux\u00edlio emergencial tem o objetivo de amenizar a situa\u00e7\u00e3o financeira de quem n\u00e3o est\u00e1 podendo trabalhar, por causa da quarentena imposta pela pandemia do coronav\u00edrus. Pelo calend\u00e1rio divulgado pelo Governo Federal, os pagamentos ser\u00e3o iniciados a partir desta quinta-feira, dia 9 de abril, para quem tem&hellip;<\/p>\n","protected":false},"author":1,"featured_media":16222,"comment_status":"open","ping_status":"open","sticky":false,"template":"","format":"standard","meta":{"footnotes":""},"categories":[1],"tags":[],"class_list":["post-16221","post","type-post","status-publish","format-standard","has-post-thumbnail","hentry","category-noticias"],"_links":{"self":[{"href":"https:\/\/blogdorogeriogomes.com.br\/noticias\/wp-json\/wp\/v2\/posts\/16221","targetHints":{"allow":["GET"]}}],"collection":[{"href":"https:\/\/blogdorogeriogomes.com.br\/noticias\/wp-json\/wp\/v2\/posts"}],"about":[{"href":"https:\/\/blogdorogeriogomes.com.br\/noticias\/wp-json\/wp\/v2\/types\/post"}],"author":[{"embeddable":true,"href":"https:\/\/blogdorogeriogomes.com.br\/noticias\/wp-json\/wp\/v2\/users\/1"}],"replies":[{"embeddable":true,"href":"https:\/\/blogdorogeriogomes.com.br\/noticias\/wp-json\/wp\/v2\/comments?post=16221"}],"version-history":[{"count":2,"href":"https:\/\/blogdorogeriogomes.com.br\/noticias\/wp-json\/wp\/v2\/posts\/16221\/revisions"}],"predecessor-version":[{"id":16239,"href":"https:\/\/blogdorogeriogomes.com.br\/noticias\/wp-json\/wp\/v2\/posts\/16221\/revisions\/16239"}],"wp:featuredmedia":[{"embeddable":true,"href":"https:\/\/blogdorogeriogomes.com.br\/noticias\/wp-json\/wp\/v2\/media\/16222"}],"wp:attachment":[{"href":"https:\/\/blogdorogeriogomes.com.br\/noticias\/wp-json\/wp\/v2\/media?parent=16221"}],"wp:term":[{"taxonomy":"category","embeddable":true,"href":"https:\/\/blogdorogeriogomes.com.br\/noticias\/wp-json\/wp\/v2\/categories?post=16221"},{"taxonomy":"post_tag","embeddable":true,"href":"https:\/\/blogdorogeriogomes.com.br\/noticias\/wp-json\/wp\/v2\/tags?post=16221"}],"curies":[{"name":"wp","href":"https:\/\/api.w.org\/{rel}","templated":true}]}}