{"id":16224,"date":"2020-04-07T20:46:48","date_gmt":"2020-04-07T20:46:48","guid":{"rendered":"http:\/\/blogdorogeriogomes.com.br\/?p=16224"},"modified":"2020-04-08T12:15:52","modified_gmt":"2020-04-08T12:15:52","slug":"numero-de-mortes-por-coronavirus-no-ceara-chega-a-40-no-brasil-sao-667-obitos","status":"publish","type":"post","link":"https:\/\/blogdorogeriogomes.com.br\/noticias\/2020\/04\/numero-de-mortes-por-coronavirus-no-ceara-chega-a-40-no-brasil-sao-667-obitos\/","title":{"rendered":"N\u00famero de mortes por coronav\u00edrus no Cear\u00e1 chega a 40. No Brasil, s\u00e3o 667 \u00f3bitos"},"content":{"rendered":"\n<p>O n\u00famero de casos confirmados do novo coronav\u00edrus no Cear\u00e1 chegou&nbsp;a 1.152, nesta ter\u00e7a-feira, dia 7 de abril. O n\u00famero de mortes chegou a 40. S\u00f3 em Fortaleza, s\u00e3o 30 \u00f3bitos. Os n\u00fameros s\u00e3o da Secretaria da Sa\u00fade do Estado (Sesa). Segundo estudo do Instituto Ampla sobre o coronav\u00edrus no Cear\u00e1, a atual curva local do novo coronav\u00edrus aponta para 3.087 casos confirmados da doen\u00e7a entre 25 e 27 de abril.<\/p>\n\n\n\n<p>Em n\u00edvel nacional, o Minist\u00e9rio da Sa\u00fade anunciou  que subiu para 667 o n\u00famero de mortes pelo novo coronav\u00edrus no Brasil. O aumento foi de 114 \u00f3bitos confirmados nas \u00faltimas 24 horas. No total, s\u00e3o 13.717 casos oficiais no Pa\u00eds at\u00e9 agora. Uma alta de 1.661 casos de covid-19 de ontem para hoje.<\/p>\n\n\n\n<p><\/p>\n\n\n\n<figure class=\"wp-block-gallery columns-1 is-cropped wp-block-gallery-1 is-layout-flex wp-block-gallery-is-layout-flex\"><ul class=\"blocks-gallery-grid\"><li class=\"blocks-gallery-item\"><figure><img loading=\"lazy\" decoding=\"async\" width=\"678\" height=\"452\" src=\"http:\/\/blogdorogeriogomes.com.br\/wp-content\/uploads\/2020\/04\/images-18.jpeg\" alt=\"\" data-id=\"16225\" data-full-url=\"http:\/\/blogdorogeriogomes.com.br\/wp-content\/uploads\/2020\/04\/images-18.jpeg\" data-link=\"http:\/\/blogdorogeriogomes.com.br\/?attachment_id=16225\" class=\"wp-image-16225\" srcset=\"https:\/\/blogdorogeriogomes.com.br\/noticias\/wp-content\/uploads\/2020\/04\/images-18.jpeg 678w, https:\/\/blogdorogeriogomes.com.br\/noticias\/wp-content\/uploads\/2020\/04\/images-18-300x200.jpeg 300w\" sizes=\"auto, (max-width: 678px) 100vw, 678px\" \/><\/figure><\/li><\/ul><\/figure>\n","protected":false},"excerpt":{"rendered":"<p>O n\u00famero de casos confirmados do novo coronav\u00edrus no Cear\u00e1 chegou&nbsp;a 1.152, nesta ter\u00e7a-feira, dia 7 de abril. O n\u00famero de mortes chegou a 40. S\u00f3 em Fortaleza, s\u00e3o 30 \u00f3bitos. Os n\u00fameros s\u00e3o da Secretaria da Sa\u00fade do Estado (Sesa). Segundo estudo do Instituto Ampla sobre o coronav\u00edrus no Cear\u00e1, a atual curva local do novo coronav\u00edrus aponta para 3.087 casos confirmados da doen\u00e7a entre 25 e 27 de abril. Em n\u00edvel nacional, o Minist\u00e9rio da Sa\u00fade anunciou&hellip;<\/p>\n","protected":false},"author":1,"featured_media":16225,"comment_status":"open","ping_status":"open","sticky":false,"template":"","format":"standard","meta":{"footnotes":""},"categories":[1],"tags":[],"class_list":["post-16224","post","type-post","status-publish","format-standard","has-post-thumbnail","hentry","category-noticias"],"_links":{"self":[{"href":"https:\/\/blogdorogeriogomes.com.br\/noticias\/wp-json\/wp\/v2\/posts\/16224","targetHints":{"allow":["GET"]}}],"collection":[{"href":"https:\/\/blogdorogeriogomes.com.br\/noticias\/wp-json\/wp\/v2\/posts"}],"about":[{"href":"https:\/\/blogdorogeriogomes.com.br\/noticias\/wp-json\/wp\/v2\/types\/post"}],"author":[{"embeddable":true,"href":"https:\/\/blogdorogeriogomes.com.br\/noticias\/wp-json\/wp\/v2\/users\/1"}],"replies":[{"embeddable":true,"href":"https:\/\/blogdorogeriogomes.com.br\/noticias\/wp-json\/wp\/v2\/comments?post=16224"}],"version-history":[{"count":2,"href":"https:\/\/blogdorogeriogomes.com.br\/noticias\/wp-json\/wp\/v2\/posts\/16224\/revisions"}],"predecessor-version":[{"id":16236,"href":"https:\/\/blogdorogeriogomes.com.br\/noticias\/wp-json\/wp\/v2\/posts\/16224\/revisions\/16236"}],"wp:featuredmedia":[{"embeddable":true,"href":"https:\/\/blogdorogeriogomes.com.br\/noticias\/wp-json\/wp\/v2\/media\/16225"}],"wp:attachment":[{"href":"https:\/\/blogdorogeriogomes.com.br\/noticias\/wp-json\/wp\/v2\/media?parent=16224"}],"wp:term":[{"taxonomy":"category","embeddable":true,"href":"https:\/\/blogdorogeriogomes.com.br\/noticias\/wp-json\/wp\/v2\/categories?post=16224"},{"taxonomy":"post_tag","embeddable":true,"href":"https:\/\/blogdorogeriogomes.com.br\/noticias\/wp-json\/wp\/v2\/tags?post=16224"}],"curies":[{"name":"wp","href":"https:\/\/api.w.org\/{rel}","templated":true}]}}