{"id":16230,"date":"2020-04-08T10:11:48","date_gmt":"2020-04-08T10:11:48","guid":{"rendered":"http:\/\/blogdorogeriogomes.com.br\/?p=16230"},"modified":"2020-04-08T12:16:14","modified_gmt":"2020-04-08T12:16:14","slug":"municipios-cearenses-aguardam-aprovacao-de-estado-de-calamidade-na-assembleia-legislativa","status":"publish","type":"post","link":"https:\/\/blogdorogeriogomes.com.br\/noticias\/2020\/04\/municipios-cearenses-aguardam-aprovacao-de-estado-de-calamidade-na-assembleia-legislativa\/","title":{"rendered":"Munic\u00edpios cearenses aguardam aprova\u00e7\u00e3o de Estado de Calamidade na Assembleia Legislativa"},"content":{"rendered":"\n<p>Depois do Governo do Estado e da Prefeitura de Fortaleza, v\u00e1rios munic\u00edpios cearenses tamb\u00e9m pediram a Assembleia Legislativa do Cear\u00e1 a decreta\u00e7\u00e3o do Estado de Calamidade P\u00fablica devido a pandemia do coronav\u00edrus. Se os pedidos forem aprovados nesta quarta-feira, dia 8 de abril, em sess\u00e3o remota, pelo menos 73 prefeitos ter\u00e3o maior flexibilidade nos prazos de presta\u00e7\u00e3o de contas e limites de gastos previstos pela Lei de Responsabilidade Fiscal (LRF), poder\u00e3o aumentar despesas, e ficar\u00e3o protegidos de acusa\u00e7\u00f5es de irregularidades fiscais nas suas gest\u00f5es.<\/p>\n\n\n\n<p>De acordo com o presidente da Associa\u00e7\u00e3o dos Prefeitos do Cear\u00e1, Nilson Diniz (foto), a crise provocada pela pandemia impacta nas tr\u00eas principais fontes de renda dos munic\u00edpios atualmente: o Fundo de Participa\u00e7\u00e3o dos Munic\u00edpios (FPM), o Fundo de Manuten\u00e7\u00e3o e Desenvolvimento da Educa\u00e7\u00e3o B\u00e1sica e de Valoriza\u00e7\u00e3o dos Profissionais da Educa\u00e7\u00e3o (Fundeb) e, ainda, o Imposto Sobre Circula\u00e7\u00e3o de Mercadorias e Servi\u00e7os (ICMS).<\/p>\n\n\n\n<figure class=\"wp-block-gallery columns-1 is-cropped wp-block-gallery-1 is-layout-flex wp-block-gallery-is-layout-flex\"><ul class=\"blocks-gallery-grid\"><li class=\"blocks-gallery-item\"><figure><img loading=\"lazy\" decoding=\"async\" width=\"675\" height=\"454\" src=\"http:\/\/blogdorogeriogomes.com.br\/wp-content\/uploads\/2020\/04\/images-19.jpeg\" alt=\"\" data-id=\"16231\" data-full-url=\"http:\/\/blogdorogeriogomes.com.br\/wp-content\/uploads\/2020\/04\/images-19.jpeg\" data-link=\"http:\/\/blogdorogeriogomes.com.br\/?attachment_id=16231\" class=\"wp-image-16231\" srcset=\"https:\/\/blogdorogeriogomes.com.br\/noticias\/wp-content\/uploads\/2020\/04\/images-19.jpeg 675w, https:\/\/blogdorogeriogomes.com.br\/noticias\/wp-content\/uploads\/2020\/04\/images-19-300x202.jpeg 300w\" sizes=\"auto, (max-width: 675px) 100vw, 675px\" \/><\/figure><\/li><\/ul><\/figure>\n","protected":false},"excerpt":{"rendered":"<p>Depois do Governo do Estado e da Prefeitura de Fortaleza, v\u00e1rios munic\u00edpios cearenses tamb\u00e9m pediram a Assembleia Legislativa do Cear\u00e1 a decreta\u00e7\u00e3o do Estado de Calamidade P\u00fablica devido a pandemia do coronav\u00edrus. Se os pedidos forem aprovados nesta quarta-feira, dia 8 de abril, em sess\u00e3o remota, pelo menos 73 prefeitos ter\u00e3o maior flexibilidade nos prazos de presta\u00e7\u00e3o de contas e limites de gastos previstos pela Lei de Responsabilidade Fiscal (LRF), poder\u00e3o aumentar despesas, e ficar\u00e3o protegidos de acusa\u00e7\u00f5es de&hellip;<\/p>\n","protected":false},"author":1,"featured_media":16231,"comment_status":"open","ping_status":"open","sticky":false,"template":"","format":"standard","meta":{"footnotes":""},"categories":[1],"tags":[],"class_list":["post-16230","post","type-post","status-publish","format-standard","has-post-thumbnail","hentry","category-noticias"],"_links":{"self":[{"href":"https:\/\/blogdorogeriogomes.com.br\/noticias\/wp-json\/wp\/v2\/posts\/16230","targetHints":{"allow":["GET"]}}],"collection":[{"href":"https:\/\/blogdorogeriogomes.com.br\/noticias\/wp-json\/wp\/v2\/posts"}],"about":[{"href":"https:\/\/blogdorogeriogomes.com.br\/noticias\/wp-json\/wp\/v2\/types\/post"}],"author":[{"embeddable":true,"href":"https:\/\/blogdorogeriogomes.com.br\/noticias\/wp-json\/wp\/v2\/users\/1"}],"replies":[{"embeddable":true,"href":"https:\/\/blogdorogeriogomes.com.br\/noticias\/wp-json\/wp\/v2\/comments?post=16230"}],"version-history":[{"count":1,"href":"https:\/\/blogdorogeriogomes.com.br\/noticias\/wp-json\/wp\/v2\/posts\/16230\/revisions"}],"predecessor-version":[{"id":16232,"href":"https:\/\/blogdorogeriogomes.com.br\/noticias\/wp-json\/wp\/v2\/posts\/16230\/revisions\/16232"}],"wp:featuredmedia":[{"embeddable":true,"href":"https:\/\/blogdorogeriogomes.com.br\/noticias\/wp-json\/wp\/v2\/media\/16231"}],"wp:attachment":[{"href":"https:\/\/blogdorogeriogomes.com.br\/noticias\/wp-json\/wp\/v2\/media?parent=16230"}],"wp:term":[{"taxonomy":"category","embeddable":true,"href":"https:\/\/blogdorogeriogomes.com.br\/noticias\/wp-json\/wp\/v2\/categories?post=16230"},{"taxonomy":"post_tag","embeddable":true,"href":"https:\/\/blogdorogeriogomes.com.br\/noticias\/wp-json\/wp\/v2\/tags?post=16230"}],"curies":[{"name":"wp","href":"https:\/\/api.w.org\/{rel}","templated":true}]}}