{"id":16233,"date":"2020-04-08T10:49:10","date_gmt":"2020-04-08T10:49:10","guid":{"rendered":"http:\/\/blogdorogeriogomes.com.br\/?p=16233"},"modified":"2020-04-08T12:16:07","modified_gmt":"2020-04-08T12:16:07","slug":"ministerio-da-saude-estima-que-fase-descontrolada-do-coronavirus-deve-acontecer-ate-maio","status":"publish","type":"post","link":"https:\/\/blogdorogeriogomes.com.br\/noticias\/2020\/04\/ministerio-da-saude-estima-que-fase-descontrolada-do-coronavirus-deve-acontecer-ate-maio\/","title":{"rendered":"Minist\u00e9rio da Sa\u00fade estima que fase descontrolada do coronav\u00edrus deve acontecer at\u00e9 maio"},"content":{"rendered":"\n<p>O Minist\u00e9rio da Sa\u00fade n\u00e3o tem uma previs\u00e3o otimista quanto ao avan\u00e7o do coronav\u00edrus no Pa\u00eds. O ministro Luiz Mandetta estima que o Brasil entre at\u00e9 maio na fase de acelera\u00e7\u00e3o descontrolada de casos do novo coronav\u00edrus. Segundo proje\u00e7\u00e3o apresentada nesta ter\u00e7a-feira, dia 7 de abril, o in\u00edcio desta etapa est\u00e1 previsto para a 19\u00aa semana do ano, ou seja, entre 4 e 10 de maio.&nbsp;E se n\u00e3o for cumprido o isolamento social, a situa\u00e7\u00e3o deve se agravar ainda mais.<\/p>\n\n\n\n<figure class=\"wp-block-gallery columns-1 is-cropped wp-block-gallery-1 is-layout-flex wp-block-gallery-is-layout-flex\"><ul class=\"blocks-gallery-grid\"><li class=\"blocks-gallery-item\"><figure><img loading=\"lazy\" decoding=\"async\" width=\"1024\" height=\"613\" src=\"http:\/\/blogdorogeriogomes.com.br\/wp-content\/uploads\/2020\/04\/descontaminacao_hran_3103201228_0-1024x613.jpg\" alt=\"\" data-id=\"16234\" data-full-url=\"http:\/\/blogdorogeriogomes.com.br\/wp-content\/uploads\/2020\/04\/descontaminacao_hran_3103201228_0.jpg\" data-link=\"http:\/\/blogdorogeriogomes.com.br\/?attachment_id=16234\" class=\"wp-image-16234\" srcset=\"https:\/\/blogdorogeriogomes.com.br\/noticias\/wp-content\/uploads\/2020\/04\/descontaminacao_hran_3103201228_0-1024x613.jpg 1024w, https:\/\/blogdorogeriogomes.com.br\/noticias\/wp-content\/uploads\/2020\/04\/descontaminacao_hran_3103201228_0-300x179.jpg 300w, https:\/\/blogdorogeriogomes.com.br\/noticias\/wp-content\/uploads\/2020\/04\/descontaminacao_hran_3103201228_0-768x459.jpg 768w, https:\/\/blogdorogeriogomes.com.br\/noticias\/wp-content\/uploads\/2020\/04\/descontaminacao_hran_3103201228_0-800x479.jpg 800w, https:\/\/blogdorogeriogomes.com.br\/noticias\/wp-content\/uploads\/2020\/04\/descontaminacao_hran_3103201228_0.jpg 1170w\" sizes=\"auto, (max-width: 1024px) 100vw, 1024px\" \/><\/figure><\/li><\/ul><\/figure>\n\n\n\n<p>Mandetta revelou preocupa\u00e7\u00e3o com a curva de evolu\u00e7\u00e3o dos casos em Fortaleza, Manaus e S\u00e3o Paulo. A Capital cearense tem a maior incid\u00eancia de infec\u00e7\u00f5es no Brasil. O coeficiente \u00e9 de 34,7 casos a cada 100 mil moradores, segundo estudo do Minist\u00e9rio da Sa\u00fade. S\u00e3o Paulo \u00e9 a cidade do Pa\u00eds com maior n\u00famero de casos, enquanto Manaus j\u00e1 come\u00e7a a apresentar car\u00eancia de leitos para receber novos pacientes infectados.<\/p>\n\n\n\n<p>Outro desafio do Ministro da Sa\u00fade \u00e9 contornar problemas comerciais para comprar da China equipamentos hospitalares para o combate ao coronav\u00edrus. O pa\u00eds asi\u00e1tico \u00e9 o maior produtor de m\u00e1scaras e de respiradores no planeta e a pandemia da covid-19 fez com que aumentasse a demanda mundial por esses equipamentos. <\/p>\n\n\n\n<p>Dois atritos diplom\u00e1ticos entre Brasil e China recentemente envolvendo o filho e um ministro do Governo Bolsonaro pioraram as negocia\u00e7\u00f5es. O \u00faltimo deles envolveu o ministro da Educa\u00e7\u00e3o, Abraham Weintraub, que no \u00faltimo s\u00e1bado, dia 5, ofendeu os chineses publicando um post nas redes sociais. No dia 18 de mar\u00e7o, o deputado federal Eduardo Bolsonaro escreveu uma mensagem no Twitter responsabilizando o governo chin\u00eas pela pandemia do novo coronav\u00edrus.<\/p>\n","protected":false},"excerpt":{"rendered":"<p>O Minist\u00e9rio da Sa\u00fade n\u00e3o tem uma previs\u00e3o otimista quanto ao avan\u00e7o do coronav\u00edrus no Pa\u00eds. O ministro Luiz Mandetta estima que o Brasil entre at\u00e9 maio na fase de acelera\u00e7\u00e3o descontrolada de casos do novo coronav\u00edrus. Segundo proje\u00e7\u00e3o apresentada nesta ter\u00e7a-feira, dia 7 de abril, o in\u00edcio desta etapa est\u00e1 previsto para a 19\u00aa semana do ano, ou seja, entre 4 e 10 de maio.&nbsp;E se n\u00e3o for cumprido o isolamento social, a situa\u00e7\u00e3o deve se agravar ainda&hellip;<\/p>\n","protected":false},"author":1,"featured_media":16234,"comment_status":"open","ping_status":"open","sticky":false,"template":"","format":"standard","meta":{"footnotes":""},"categories":[1],"tags":[],"class_list":["post-16233","post","type-post","status-publish","format-standard","has-post-thumbnail","hentry","category-noticias"],"_links":{"self":[{"href":"https:\/\/blogdorogeriogomes.com.br\/noticias\/wp-json\/wp\/v2\/posts\/16233","targetHints":{"allow":["GET"]}}],"collection":[{"href":"https:\/\/blogdorogeriogomes.com.br\/noticias\/wp-json\/wp\/v2\/posts"}],"about":[{"href":"https:\/\/blogdorogeriogomes.com.br\/noticias\/wp-json\/wp\/v2\/types\/post"}],"author":[{"embeddable":true,"href":"https:\/\/blogdorogeriogomes.com.br\/noticias\/wp-json\/wp\/v2\/users\/1"}],"replies":[{"embeddable":true,"href":"https:\/\/blogdorogeriogomes.com.br\/noticias\/wp-json\/wp\/v2\/comments?post=16233"}],"version-history":[{"count":2,"href":"https:\/\/blogdorogeriogomes.com.br\/noticias\/wp-json\/wp\/v2\/posts\/16233\/revisions"}],"predecessor-version":[{"id":16237,"href":"https:\/\/blogdorogeriogomes.com.br\/noticias\/wp-json\/wp\/v2\/posts\/16233\/revisions\/16237"}],"wp:featuredmedia":[{"embeddable":true,"href":"https:\/\/blogdorogeriogomes.com.br\/noticias\/wp-json\/wp\/v2\/media\/16234"}],"wp:attachment":[{"href":"https:\/\/blogdorogeriogomes.com.br\/noticias\/wp-json\/wp\/v2\/media?parent=16233"}],"wp:term":[{"taxonomy":"category","embeddable":true,"href":"https:\/\/blogdorogeriogomes.com.br\/noticias\/wp-json\/wp\/v2\/categories?post=16233"},{"taxonomy":"post_tag","embeddable":true,"href":"https:\/\/blogdorogeriogomes.com.br\/noticias\/wp-json\/wp\/v2\/tags?post=16233"}],"curies":[{"name":"wp","href":"https:\/\/api.w.org\/{rel}","templated":true}]}}