{"id":16246,"date":"2020-04-09T11:46:21","date_gmt":"2020-04-09T11:46:21","guid":{"rendered":"http:\/\/blogdorogeriogomes.com.br\/?p=16246"},"modified":"2020-04-09T13:25:46","modified_gmt":"2020-04-09T13:25:46","slug":"fecomercio-estima-que-saque-emergencial-do-fgts-deve-injetar-13-bi-na-economia-do-ceara","status":"publish","type":"post","link":"https:\/\/blogdorogeriogomes.com.br\/noticias\/2020\/04\/fecomercio-estima-que-saque-emergencial-do-fgts-deve-injetar-13-bi-na-economia-do-ceara\/","title":{"rendered":"Fecom\u00e9rcio estima que saque emergencial do FGTS deve injetar 1,3 bi na economia do Cear\u00e1"},"content":{"rendered":"\n<p>A  Federa\u00e7\u00e3o do Com\u00e9rcio de Bens, Servi\u00e7os e Turismo do Estado do Cear\u00e1 (Fecom\u00e9rcio) estima que o saque emergencial do Fundo de Garantia do Tempo de Servi\u00e7o (FGTS), que come\u00e7a no dia 15 de junho e termina em 31 de dezembro de 2020, vai injetar R$ 1 bilh\u00e3o e 300 milh\u00f5es de reais. <\/p>\n\n\n\n<p>Para o presidente da Fecom\u00e9rcio, Maur\u00edcio Filizola, &#8220;esses recursos ser\u00e3o importantes para os consumidores principalmente para aqueles que t\u00eam ou tiveram trabalho formal que s\u00e3o os que t\u00eam direito ao FGTS. E servir\u00e3o para o consumo dos itens de primeira necessidade das fam\u00edlias, como alimenta\u00e7\u00e3o e cuidados com a sa\u00fade. Ou seja, os recursos s\u00e3o importantes, mas s\u00e3o limitados a uma parcela da popula\u00e7\u00e3o e dirigidos para o consumo emergencial. Ele precisa ser complementado outras medidas que alcance parte da popula\u00e7\u00e3o que n\u00e3o tem FGTS&#8221;.<\/p>\n\n\n\n<p><\/p>\n\n\n\n<figure class=\"wp-block-gallery columns-1 is-cropped wp-block-gallery-1 is-layout-flex wp-block-gallery-is-layout-flex\"><ul class=\"blocks-gallery-grid\"><li class=\"blocks-gallery-item\"><figure><img loading=\"lazy\" decoding=\"async\" width=\"674\" height=\"455\" src=\"http:\/\/blogdorogeriogomes.com.br\/wp-content\/uploads\/2020\/04\/images-2-1.jpeg\" alt=\"\" data-id=\"16247\" data-full-url=\"http:\/\/blogdorogeriogomes.com.br\/wp-content\/uploads\/2020\/04\/images-2-1.jpeg\" data-link=\"http:\/\/blogdorogeriogomes.com.br\/?attachment_id=16247\" class=\"wp-image-16247\" srcset=\"https:\/\/blogdorogeriogomes.com.br\/noticias\/wp-content\/uploads\/2020\/04\/images-2-1.jpeg 674w, https:\/\/blogdorogeriogomes.com.br\/noticias\/wp-content\/uploads\/2020\/04\/images-2-1-300x203.jpeg 300w\" sizes=\"auto, (max-width: 674px) 100vw, 674px\" \/><\/figure><\/li><\/ul><\/figure>\n","protected":false},"excerpt":{"rendered":"<p>A Federa\u00e7\u00e3o do Com\u00e9rcio de Bens, Servi\u00e7os e Turismo do Estado do Cear\u00e1 (Fecom\u00e9rcio) estima que o saque emergencial do Fundo de Garantia do Tempo de Servi\u00e7o (FGTS), que come\u00e7a no dia 15 de junho e termina em 31 de dezembro de 2020, vai injetar R$ 1 bilh\u00e3o e 300 milh\u00f5es de reais. Para o presidente da Fecom\u00e9rcio, Maur\u00edcio Filizola, &#8220;esses recursos ser\u00e3o importantes para os consumidores principalmente para aqueles que t\u00eam ou tiveram trabalho formal que s\u00e3o os&hellip;<\/p>\n","protected":false},"author":1,"featured_media":16247,"comment_status":"open","ping_status":"open","sticky":false,"template":"","format":"standard","meta":{"footnotes":""},"categories":[1],"tags":[],"class_list":["post-16246","post","type-post","status-publish","format-standard","has-post-thumbnail","hentry","category-noticias"],"_links":{"self":[{"href":"https:\/\/blogdorogeriogomes.com.br\/noticias\/wp-json\/wp\/v2\/posts\/16246","targetHints":{"allow":["GET"]}}],"collection":[{"href":"https:\/\/blogdorogeriogomes.com.br\/noticias\/wp-json\/wp\/v2\/posts"}],"about":[{"href":"https:\/\/blogdorogeriogomes.com.br\/noticias\/wp-json\/wp\/v2\/types\/post"}],"author":[{"embeddable":true,"href":"https:\/\/blogdorogeriogomes.com.br\/noticias\/wp-json\/wp\/v2\/users\/1"}],"replies":[{"embeddable":true,"href":"https:\/\/blogdorogeriogomes.com.br\/noticias\/wp-json\/wp\/v2\/comments?post=16246"}],"version-history":[{"count":1,"href":"https:\/\/blogdorogeriogomes.com.br\/noticias\/wp-json\/wp\/v2\/posts\/16246\/revisions"}],"predecessor-version":[{"id":16248,"href":"https:\/\/blogdorogeriogomes.com.br\/noticias\/wp-json\/wp\/v2\/posts\/16246\/revisions\/16248"}],"wp:featuredmedia":[{"embeddable":true,"href":"https:\/\/blogdorogeriogomes.com.br\/noticias\/wp-json\/wp\/v2\/media\/16247"}],"wp:attachment":[{"href":"https:\/\/blogdorogeriogomes.com.br\/noticias\/wp-json\/wp\/v2\/media?parent=16246"}],"wp:term":[{"taxonomy":"category","embeddable":true,"href":"https:\/\/blogdorogeriogomes.com.br\/noticias\/wp-json\/wp\/v2\/categories?post=16246"},{"taxonomy":"post_tag","embeddable":true,"href":"https:\/\/blogdorogeriogomes.com.br\/noticias\/wp-json\/wp\/v2\/tags?post=16246"}],"curies":[{"name":"wp","href":"https:\/\/api.w.org\/{rel}","templated":true}]}}