{"id":16252,"date":"2020-04-09T20:48:15","date_gmt":"2020-04-09T20:48:15","guid":{"rendered":"http:\/\/blogdorogeriogomes.com.br\/?p=16252"},"modified":"2020-04-10T19:45:46","modified_gmt":"2020-04-10T19:45:46","slug":"prefeitura-de-fortaleza-estende-beneficio-de-protecao-alimentar-para-taxistas-mototaxistas-e-aplicativos","status":"publish","type":"post","link":"https:\/\/blogdorogeriogomes.com.br\/noticias\/2020\/04\/prefeitura-de-fortaleza-estende-beneficio-de-protecao-alimentar-para-taxistas-mototaxistas-e-aplicativos\/","title":{"rendered":"Prefeitura de Fortaleza estende benef\u00edcio de prote\u00e7\u00e3o alimentar para taxistas, mototaxistas e aplicativos"},"content":{"rendered":"\n<p>O prefeito de Fortaleza, Roberto Cl\u00e1udio, anunciou, nesta quinta-feira, dia 9 de abril, a extens\u00e3o do projeto de Seguran\u00e7a e Prote\u00e7\u00e3o Alimentar Municipal para taxistas, mototaxistas e motoristas de aplicativos.&nbsp;Mais de 14.400 profissionais ser\u00e3o beneficiados com uma cesta b\u00e1sica durante o per\u00edodo de enfrentamento ao coronav\u00edrus.&nbsp;Como crit\u00e9rio, foi definido que receber\u00e3o o benef\u00edcio mototaxistas cadastrados junto \u00e0 Empresa de Transporte Urbano de Fortaleza (Etufor), taxistas (autorizat\u00e1rios, permisssion\u00e1rios e substitutos) que est\u00e3o com carteira v\u00e1lida desde 2019 e motoristas de aplicativos que trabalham por mais de 30h por semana ou acumulado m\u00e9dio de 120 horas por m\u00eas, o que caracteriza aqueles que s\u00e3o considerados motoristas exclusivos.<\/p>\n\n\n\n<p>\u201cCada um desses 1.518 mototaxistas, 5.099 taxistas e 7.800 motoristas de aplicativos dentro do crit\u00e9rio vai ter o direito a receber, a partir do dia 20 de abril, uma cesta b\u00e1sica. A decis\u00e3o nossa foi garantir o benef\u00edcio por dois meses\u201d, declarou Roberto Cl\u00e1udio.<\/p>\n\n\n\n<figure class=\"wp-block-gallery columns-1 is-cropped wp-block-gallery-1 is-layout-flex wp-block-gallery-is-layout-flex\"><ul class=\"blocks-gallery-grid\"><li class=\"blocks-gallery-item\"><figure><img loading=\"lazy\" decoding=\"async\" width=\"689\" height=\"445\" src=\"http:\/\/blogdorogeriogomes.com.br\/wp-content\/uploads\/2020\/04\/images-3.jpeg\" alt=\"\" data-id=\"16253\" data-full-url=\"http:\/\/blogdorogeriogomes.com.br\/wp-content\/uploads\/2020\/04\/images-3.jpeg\" data-link=\"http:\/\/blogdorogeriogomes.com.br\/?attachment_id=16253\" class=\"wp-image-16253\" srcset=\"https:\/\/blogdorogeriogomes.com.br\/noticias\/wp-content\/uploads\/2020\/04\/images-3.jpeg 689w, https:\/\/blogdorogeriogomes.com.br\/noticias\/wp-content\/uploads\/2020\/04\/images-3-300x194.jpeg 300w\" sizes=\"auto, (max-width: 689px) 100vw, 689px\" \/><\/figure><\/li><\/ul><\/figure>\n","protected":false},"excerpt":{"rendered":"<p>O prefeito de Fortaleza, Roberto Cl\u00e1udio, anunciou, nesta quinta-feira, dia 9 de abril, a extens\u00e3o do projeto de Seguran\u00e7a e Prote\u00e7\u00e3o Alimentar Municipal para taxistas, mototaxistas e motoristas de aplicativos.&nbsp;Mais de 14.400 profissionais ser\u00e3o beneficiados com uma cesta b\u00e1sica durante o per\u00edodo de enfrentamento ao coronav\u00edrus.&nbsp;Como crit\u00e9rio, foi definido que receber\u00e3o o benef\u00edcio mototaxistas cadastrados junto \u00e0 Empresa de Transporte Urbano de Fortaleza (Etufor), taxistas (autorizat\u00e1rios, permisssion\u00e1rios e substitutos) que est\u00e3o com carteira v\u00e1lida desde 2019 e motoristas de&hellip;<\/p>\n","protected":false},"author":1,"featured_media":16253,"comment_status":"open","ping_status":"open","sticky":false,"template":"","format":"standard","meta":{"footnotes":""},"categories":[1],"tags":[],"class_list":["post-16252","post","type-post","status-publish","format-standard","has-post-thumbnail","hentry","category-noticias"],"_links":{"self":[{"href":"https:\/\/blogdorogeriogomes.com.br\/noticias\/wp-json\/wp\/v2\/posts\/16252","targetHints":{"allow":["GET"]}}],"collection":[{"href":"https:\/\/blogdorogeriogomes.com.br\/noticias\/wp-json\/wp\/v2\/posts"}],"about":[{"href":"https:\/\/blogdorogeriogomes.com.br\/noticias\/wp-json\/wp\/v2\/types\/post"}],"author":[{"embeddable":true,"href":"https:\/\/blogdorogeriogomes.com.br\/noticias\/wp-json\/wp\/v2\/users\/1"}],"replies":[{"embeddable":true,"href":"https:\/\/blogdorogeriogomes.com.br\/noticias\/wp-json\/wp\/v2\/comments?post=16252"}],"version-history":[{"count":2,"href":"https:\/\/blogdorogeriogomes.com.br\/noticias\/wp-json\/wp\/v2\/posts\/16252\/revisions"}],"predecessor-version":[{"id":16266,"href":"https:\/\/blogdorogeriogomes.com.br\/noticias\/wp-json\/wp\/v2\/posts\/16252\/revisions\/16266"}],"wp:featuredmedia":[{"embeddable":true,"href":"https:\/\/blogdorogeriogomes.com.br\/noticias\/wp-json\/wp\/v2\/media\/16253"}],"wp:attachment":[{"href":"https:\/\/blogdorogeriogomes.com.br\/noticias\/wp-json\/wp\/v2\/media?parent=16252"}],"wp:term":[{"taxonomy":"category","embeddable":true,"href":"https:\/\/blogdorogeriogomes.com.br\/noticias\/wp-json\/wp\/v2\/categories?post=16252"},{"taxonomy":"post_tag","embeddable":true,"href":"https:\/\/blogdorogeriogomes.com.br\/noticias\/wp-json\/wp\/v2\/tags?post=16252"}],"curies":[{"name":"wp","href":"https:\/\/api.w.org\/{rel}","templated":true}]}}