{"id":16258,"date":"2020-04-10T11:53:28","date_gmt":"2020-04-10T11:53:28","guid":{"rendered":"http:\/\/blogdorogeriogomes.com.br\/?p=16258"},"modified":"2020-04-10T19:45:00","modified_gmt":"2020-04-10T19:45:00","slug":"bolsonaro-reconhece-em-live-que-por-decisao-do-stf-nao-pode-interferir-em-atos-de-isolamento-propostos-por-governadores-e-prefeitos","status":"publish","type":"post","link":"https:\/\/blogdorogeriogomes.com.br\/noticias\/2020\/04\/bolsonaro-reconhece-em-live-que-por-decisao-do-stf-nao-pode-interferir-em-atos-de-isolamento-propostos-por-governadores-e-prefeitos\/","title":{"rendered":"Bolsonaro reconhece em live que, por decis\u00e3o do STF, n\u00e3o pode interferir em atos de isolamento propostos por governadores e prefeitos"},"content":{"rendered":"\n<p>Em live pelas redes sociais, realizada nesta quinta-feira, dia 9 de abril, o presidente Jair Bolsonaro afirmou que as reclama\u00e7\u00f5es sobre medidas de isolamento social t\u00eam de ser feitas a governadores e prefeitos, ap\u00f3s decis\u00e3o da v\u00e9spera tomada pelo Supremo Tribunal Federal (STF) que o impossibilita de barrar essas determina\u00e7\u00f5es adotadas por governantes regionais durante a pandemia do novo coronav\u00edrus.<\/p>\n\n\n\n<p>\u201c(A decis\u00e3o do STF) afastou o governo federal de tomar decis\u00f5es nesse sentido. Ent\u00e3o a responsabilidade, se voc\u00ea tem algum problema no seu Estado, acha que a quarentena, as medidas tomadas no seu Estado est\u00e3o te prejudicando, o foro adequado para voc\u00ea reclamar \u00e9 o respectivo governador, respectivo prefeito\u201d, disse Bolsonaro.<\/p>\n\n\n\n<p>\u201cN\u00e3o vou entrar em pol\u00eamica aqui, a decis\u00e3o do Supremo, ent\u00e3o quem decide s\u00e3o os governadores e os prefeitos, o presidente da Rep\u00fablica, no caso chefe do Executivo Federal, n\u00e3o posso entrar nessa \u00e1rea aqui\u201d, acrescentou. <\/p>\n\n\n\n<p>Ap\u00f3s desrespeitar novamente recomenda\u00e7\u00f5es sanit\u00e1rias e interagir com apertos de m\u00e3o e abra\u00e7os em pessoas numa padaria em Bras\u00edlia (foto), nesta quinta-feira, Jair Bolsonaro usou sua live semanal para mandar um recado direto ao ministro da Sa\u00fade, Luiz Mandetta. &#8220;M\u00e9dico n\u00e3o abandona paciente, mas o paciente troca de m\u00e9dico&#8221;. Foi mais uma amea\u00e7a que ainda analisa trocar o Ministro da Sa\u00fade. Na padaria, Bolsonaro voltou a defender o fim do isolamento social.<\/p>\n\n\n\n<figure class=\"wp-block-gallery columns-1 is-cropped wp-block-gallery-1 is-layout-flex wp-block-gallery-is-layout-flex\"><ul class=\"blocks-gallery-grid\"><li class=\"blocks-gallery-item\"><figure><img loading=\"lazy\" decoding=\"async\" width=\"1024\" height=\"607\" src=\"http:\/\/blogdorogeriogomes.com.br\/wp-content\/uploads\/2020\/04\/2704_DE5D55768D97CDE5-1024x607.png\" alt=\"\" data-id=\"16259\" data-full-url=\"http:\/\/blogdorogeriogomes.com.br\/wp-content\/uploads\/2020\/04\/2704_DE5D55768D97CDE5.png\" data-link=\"http:\/\/blogdorogeriogomes.com.br\/?attachment_id=16259\" class=\"wp-image-16259\" srcset=\"https:\/\/blogdorogeriogomes.com.br\/noticias\/wp-content\/uploads\/2020\/04\/2704_DE5D55768D97CDE5-1024x607.png 1024w, https:\/\/blogdorogeriogomes.com.br\/noticias\/wp-content\/uploads\/2020\/04\/2704_DE5D55768D97CDE5-300x178.png 300w, https:\/\/blogdorogeriogomes.com.br\/noticias\/wp-content\/uploads\/2020\/04\/2704_DE5D55768D97CDE5-768x456.png 768w, https:\/\/blogdorogeriogomes.com.br\/noticias\/wp-content\/uploads\/2020\/04\/2704_DE5D55768D97CDE5-1536x911.png 1536w, https:\/\/blogdorogeriogomes.com.br\/noticias\/wp-content\/uploads\/2020\/04\/2704_DE5D55768D97CDE5-800x475.png 800w, https:\/\/blogdorogeriogomes.com.br\/noticias\/wp-content\/uploads\/2020\/04\/2704_DE5D55768D97CDE5.png 1721w\" sizes=\"auto, (max-width: 1024px) 100vw, 1024px\" \/><\/figure><\/li><\/ul><\/figure>\n","protected":false},"excerpt":{"rendered":"<p>Em live pelas redes sociais, realizada nesta quinta-feira, dia 9 de abril, o presidente Jair Bolsonaro afirmou que as reclama\u00e7\u00f5es sobre medidas de isolamento social t\u00eam de ser feitas a governadores e prefeitos, ap\u00f3s decis\u00e3o da v\u00e9spera tomada pelo Supremo Tribunal Federal (STF) que o impossibilita de barrar essas determina\u00e7\u00f5es adotadas por governantes regionais durante a pandemia do novo coronav\u00edrus. \u201c(A decis\u00e3o do STF) afastou o governo federal de tomar decis\u00f5es nesse sentido. Ent\u00e3o a responsabilidade, se voc\u00ea tem&hellip;<\/p>\n","protected":false},"author":1,"featured_media":16259,"comment_status":"open","ping_status":"open","sticky":false,"template":"","format":"standard","meta":{"footnotes":""},"categories":[1],"tags":[],"class_list":["post-16258","post","type-post","status-publish","format-standard","has-post-thumbnail","hentry","category-noticias"],"_links":{"self":[{"href":"https:\/\/blogdorogeriogomes.com.br\/noticias\/wp-json\/wp\/v2\/posts\/16258","targetHints":{"allow":["GET"]}}],"collection":[{"href":"https:\/\/blogdorogeriogomes.com.br\/noticias\/wp-json\/wp\/v2\/posts"}],"about":[{"href":"https:\/\/blogdorogeriogomes.com.br\/noticias\/wp-json\/wp\/v2\/types\/post"}],"author":[{"embeddable":true,"href":"https:\/\/blogdorogeriogomes.com.br\/noticias\/wp-json\/wp\/v2\/users\/1"}],"replies":[{"embeddable":true,"href":"https:\/\/blogdorogeriogomes.com.br\/noticias\/wp-json\/wp\/v2\/comments?post=16258"}],"version-history":[{"count":2,"href":"https:\/\/blogdorogeriogomes.com.br\/noticias\/wp-json\/wp\/v2\/posts\/16258\/revisions"}],"predecessor-version":[{"id":16261,"href":"https:\/\/blogdorogeriogomes.com.br\/noticias\/wp-json\/wp\/v2\/posts\/16258\/revisions\/16261"}],"wp:featuredmedia":[{"embeddable":true,"href":"https:\/\/blogdorogeriogomes.com.br\/noticias\/wp-json\/wp\/v2\/media\/16259"}],"wp:attachment":[{"href":"https:\/\/blogdorogeriogomes.com.br\/noticias\/wp-json\/wp\/v2\/media?parent=16258"}],"wp:term":[{"taxonomy":"category","embeddable":true,"href":"https:\/\/blogdorogeriogomes.com.br\/noticias\/wp-json\/wp\/v2\/categories?post=16258"},{"taxonomy":"post_tag","embeddable":true,"href":"https:\/\/blogdorogeriogomes.com.br\/noticias\/wp-json\/wp\/v2\/tags?post=16258"}],"curies":[{"name":"wp","href":"https:\/\/api.w.org\/{rel}","templated":true}]}}