{"id":16262,"date":"2020-04-10T12:16:35","date_gmt":"2020-04-10T12:16:35","guid":{"rendered":"http:\/\/blogdorogeriogomes.com.br\/?p=16262"},"modified":"2020-04-10T19:44:35","modified_gmt":"2020-04-10T19:44:35","slug":"decreto-de-calamidade-no-ceara-suspende-convocacoes-de-concursados-e-novas-ascensoes-funcionais","status":"publish","type":"post","link":"https:\/\/blogdorogeriogomes.com.br\/noticias\/2020\/04\/decreto-de-calamidade-no-ceara-suspende-convocacoes-de-concursados-e-novas-ascensoes-funcionais\/","title":{"rendered":"Decreto de calamidade no Cear\u00e1 suspende convoca\u00e7\u00f5es de concursados e novas ascens\u00f5es funcionais"},"content":{"rendered":"\n<p>As convoca\u00e7\u00f5es de concursados e as ascens\u00f5es funcionais pelo Governo do Cear\u00e1 foram suspensas devido ao decreto de calamidade \u00e0 pandemia do coronav\u00edrus. Uma s\u00e9rie de novas medidas para reduzir os gastos da administra\u00e7\u00e3o estadual e despesas com pessoal foi publicada no Di\u00e1rio Oficial do Estado. A administra\u00e7\u00e3o direta e indireta de quaisquer Poderes, inclu\u00eddos o Minist\u00e9rio P\u00fablico do Estado, Tribunal de Contas e a Defensoria P\u00fablica, tamb\u00e9m sofrem o impacto junto \u00e0s entidades do Governo do Estado. A implementa\u00e7\u00e3o na folha de pagamento de ascens\u00f5es funcionais de servidores estaduais referentes a 2020 e pagamentos retroativos referentes ao per\u00edodo de calamidade foram adiados para 2021.<br>A medida se aplica a futuras ascens\u00f5es. Os profissionais da sa\u00fade, policiais e bombeiros militares n\u00e3o ter\u00e3o preju\u00edzo ao recebimento de reajuste salarial, que foi aprovado na Assembleia Legislativa do Cear\u00e1 recentemente.<\/p>\n\n\n\n<figure class=\"wp-block-gallery columns-1 is-cropped wp-block-gallery-1 is-layout-flex wp-block-gallery-is-layout-flex\"><ul class=\"blocks-gallery-grid\"><li class=\"blocks-gallery-item\"><figure><img loading=\"lazy\" decoding=\"async\" width=\"688\" height=\"445\" src=\"http:\/\/blogdorogeriogomes.com.br\/wp-content\/uploads\/2020\/04\/images-5.jpeg\" alt=\"\" data-id=\"16263\" data-full-url=\"http:\/\/blogdorogeriogomes.com.br\/wp-content\/uploads\/2020\/04\/images-5.jpeg\" data-link=\"http:\/\/blogdorogeriogomes.com.br\/?attachment_id=16263\" class=\"wp-image-16263\" srcset=\"https:\/\/blogdorogeriogomes.com.br\/noticias\/wp-content\/uploads\/2020\/04\/images-5.jpeg 688w, https:\/\/blogdorogeriogomes.com.br\/noticias\/wp-content\/uploads\/2020\/04\/images-5-300x194.jpeg 300w\" sizes=\"auto, (max-width: 688px) 100vw, 688px\" \/><\/figure><\/li><\/ul><\/figure>\n","protected":false},"excerpt":{"rendered":"<p>As convoca\u00e7\u00f5es de concursados e as ascens\u00f5es funcionais pelo Governo do Cear\u00e1 foram suspensas devido ao decreto de calamidade \u00e0 pandemia do coronav\u00edrus. Uma s\u00e9rie de novas medidas para reduzir os gastos da administra\u00e7\u00e3o estadual e despesas com pessoal foi publicada no Di\u00e1rio Oficial do Estado. A administra\u00e7\u00e3o direta e indireta de quaisquer Poderes, inclu\u00eddos o Minist\u00e9rio P\u00fablico do Estado, Tribunal de Contas e a Defensoria P\u00fablica, tamb\u00e9m sofrem o impacto junto \u00e0s entidades do Governo do Estado. A&hellip;<\/p>\n","protected":false},"author":1,"featured_media":16263,"comment_status":"open","ping_status":"open","sticky":false,"template":"","format":"standard","meta":{"footnotes":""},"categories":[1],"tags":[],"class_list":["post-16262","post","type-post","status-publish","format-standard","has-post-thumbnail","hentry","category-noticias"],"_links":{"self":[{"href":"https:\/\/blogdorogeriogomes.com.br\/noticias\/wp-json\/wp\/v2\/posts\/16262","targetHints":{"allow":["GET"]}}],"collection":[{"href":"https:\/\/blogdorogeriogomes.com.br\/noticias\/wp-json\/wp\/v2\/posts"}],"about":[{"href":"https:\/\/blogdorogeriogomes.com.br\/noticias\/wp-json\/wp\/v2\/types\/post"}],"author":[{"embeddable":true,"href":"https:\/\/blogdorogeriogomes.com.br\/noticias\/wp-json\/wp\/v2\/users\/1"}],"replies":[{"embeddable":true,"href":"https:\/\/blogdorogeriogomes.com.br\/noticias\/wp-json\/wp\/v2\/comments?post=16262"}],"version-history":[{"count":1,"href":"https:\/\/blogdorogeriogomes.com.br\/noticias\/wp-json\/wp\/v2\/posts\/16262\/revisions"}],"predecessor-version":[{"id":16264,"href":"https:\/\/blogdorogeriogomes.com.br\/noticias\/wp-json\/wp\/v2\/posts\/16262\/revisions\/16264"}],"wp:featuredmedia":[{"embeddable":true,"href":"https:\/\/blogdorogeriogomes.com.br\/noticias\/wp-json\/wp\/v2\/media\/16263"}],"wp:attachment":[{"href":"https:\/\/blogdorogeriogomes.com.br\/noticias\/wp-json\/wp\/v2\/media?parent=16262"}],"wp:term":[{"taxonomy":"category","embeddable":true,"href":"https:\/\/blogdorogeriogomes.com.br\/noticias\/wp-json\/wp\/v2\/categories?post=16262"},{"taxonomy":"post_tag","embeddable":true,"href":"https:\/\/blogdorogeriogomes.com.br\/noticias\/wp-json\/wp\/v2\/tags?post=16262"}],"curies":[{"name":"wp","href":"https:\/\/api.w.org\/{rel}","templated":true}]}}