{"id":16267,"date":"2020-04-10T20:41:25","date_gmt":"2020-04-10T20:41:25","guid":{"rendered":"http:\/\/blogdorogeriogomes.com.br\/?p=16267"},"modified":"2020-04-11T14:48:27","modified_gmt":"2020-04-11T14:48:27","slug":"ministerio-da-saude-aponta-que-o-brasil-ultrapassa-as-mil-mortes-por-covid-19-no-ceara-os-obitos-chegam-a-67","status":"publish","type":"post","link":"https:\/\/blogdorogeriogomes.com.br\/noticias\/2020\/04\/ministerio-da-saude-aponta-que-o-brasil-ultrapassa-as-mil-mortes-por-covid-19-no-ceara-os-obitos-chegam-a-67\/","title":{"rendered":"Minist\u00e9rio da Sa\u00fade aponta que o Brasil ultrapassa as mil mortes por Covid-19. No Cear\u00e1, os \u00f3bitos chegam a 67"},"content":{"rendered":"\n<p>A Secretaria de Sa\u00fade do Estado (Sesa) aponta que o Cear\u00e1 aparece com 1.558 casos confirmados e 67 \u00f3bitos at\u00e9 a tarde desta sexta-feira, dia 10 de abril. De acordo com a Sesa, a taxa de ocupa\u00e7\u00e3o de leitos de Unidades de Terapia Intensiva (UTIs) na rede p\u00fablica de sa\u00fade do Cear\u00e1 est\u00e1 em torno de 85% nesse per\u00edodo de pandemia da Covid-19.<\/p>\n\n\n\n<p>No Brasil, o Minist\u00e9rio da Sa\u00fade anunciou hoje que subiu para 1.056 o n\u00famero de mortes registradas pelo novo coronav\u00edrus no Brasil. S\u00e3o 115 \u00f3bitos confirmados nas \u00faltimas 24 horas. No total, s\u00e3o 19.638 casos oficiais no Pa\u00eds.<\/p>\n\n\n\n<p><\/p>\n\n\n\n<figure class=\"wp-block-gallery columns-1 is-cropped wp-block-gallery-1 is-layout-flex wp-block-gallery-is-layout-flex\"><ul class=\"blocks-gallery-grid\"><li class=\"blocks-gallery-item\"><figure><img loading=\"lazy\" decoding=\"async\" width=\"667\" height=\"460\" src=\"http:\/\/blogdorogeriogomes.com.br\/wp-content\/uploads\/2020\/04\/images-6.jpeg\" alt=\"\" data-id=\"16268\" data-full-url=\"http:\/\/blogdorogeriogomes.com.br\/wp-content\/uploads\/2020\/04\/images-6.jpeg\" data-link=\"http:\/\/blogdorogeriogomes.com.br\/?attachment_id=16268\" class=\"wp-image-16268\" srcset=\"https:\/\/blogdorogeriogomes.com.br\/noticias\/wp-content\/uploads\/2020\/04\/images-6.jpeg 667w, https:\/\/blogdorogeriogomes.com.br\/noticias\/wp-content\/uploads\/2020\/04\/images-6-300x207.jpeg 300w\" sizes=\"auto, (max-width: 667px) 100vw, 667px\" \/><\/figure><\/li><\/ul><\/figure>\n","protected":false},"excerpt":{"rendered":"<p>A Secretaria de Sa\u00fade do Estado (Sesa) aponta que o Cear\u00e1 aparece com 1.558 casos confirmados e 67 \u00f3bitos at\u00e9 a tarde desta sexta-feira, dia 10 de abril. De acordo com a Sesa, a taxa de ocupa\u00e7\u00e3o de leitos de Unidades de Terapia Intensiva (UTIs) na rede p\u00fablica de sa\u00fade do Cear\u00e1 est\u00e1 em torno de 85% nesse per\u00edodo de pandemia da Covid-19. No Brasil, o Minist\u00e9rio da Sa\u00fade anunciou hoje que subiu para 1.056 o n\u00famero de mortes&hellip;<\/p>\n","protected":false},"author":1,"featured_media":16268,"comment_status":"open","ping_status":"open","sticky":false,"template":"","format":"standard","meta":{"footnotes":""},"categories":[1],"tags":[],"class_list":["post-16267","post","type-post","status-publish","format-standard","has-post-thumbnail","hentry","category-noticias"],"_links":{"self":[{"href":"https:\/\/blogdorogeriogomes.com.br\/noticias\/wp-json\/wp\/v2\/posts\/16267","targetHints":{"allow":["GET"]}}],"collection":[{"href":"https:\/\/blogdorogeriogomes.com.br\/noticias\/wp-json\/wp\/v2\/posts"}],"about":[{"href":"https:\/\/blogdorogeriogomes.com.br\/noticias\/wp-json\/wp\/v2\/types\/post"}],"author":[{"embeddable":true,"href":"https:\/\/blogdorogeriogomes.com.br\/noticias\/wp-json\/wp\/v2\/users\/1"}],"replies":[{"embeddable":true,"href":"https:\/\/blogdorogeriogomes.com.br\/noticias\/wp-json\/wp\/v2\/comments?post=16267"}],"version-history":[{"count":1,"href":"https:\/\/blogdorogeriogomes.com.br\/noticias\/wp-json\/wp\/v2\/posts\/16267\/revisions"}],"predecessor-version":[{"id":16269,"href":"https:\/\/blogdorogeriogomes.com.br\/noticias\/wp-json\/wp\/v2\/posts\/16267\/revisions\/16269"}],"wp:featuredmedia":[{"embeddable":true,"href":"https:\/\/blogdorogeriogomes.com.br\/noticias\/wp-json\/wp\/v2\/media\/16268"}],"wp:attachment":[{"href":"https:\/\/blogdorogeriogomes.com.br\/noticias\/wp-json\/wp\/v2\/media?parent=16267"}],"wp:term":[{"taxonomy":"category","embeddable":true,"href":"https:\/\/blogdorogeriogomes.com.br\/noticias\/wp-json\/wp\/v2\/categories?post=16267"},{"taxonomy":"post_tag","embeddable":true,"href":"https:\/\/blogdorogeriogomes.com.br\/noticias\/wp-json\/wp\/v2\/tags?post=16267"}],"curies":[{"name":"wp","href":"https:\/\/api.w.org\/{rel}","templated":true}]}}