{"id":16279,"date":"2020-04-12T15:02:09","date_gmt":"2020-04-12T15:02:09","guid":{"rendered":"http:\/\/blogdorogeriogomes.com.br\/?p=16279"},"modified":"2020-04-13T11:36:26","modified_gmt":"2020-04-13T11:36:26","slug":"ceara-atinge-1-670-casos-da-covid-19-neste-domingo-no-brasil-sao-mais-de-20-mil","status":"publish","type":"post","link":"https:\/\/blogdorogeriogomes.com.br\/noticias\/2020\/04\/ceara-atinge-1-670-casos-da-covid-19-neste-domingo-no-brasil-sao-mais-de-20-mil\/","title":{"rendered":"Cear\u00e1 atinge 1.670 casos da Covid-19 neste domingo. No Brasil s\u00e3o mais de 20 mil"},"content":{"rendered":"\n<p>De acordo com a atualiza\u00e7\u00e3o da Secretaria de Sa\u00fade do Cear\u00e1, neste domingo, dia 12 de abril, o Estado chegou a 1.670 casos confirmados da Covid-19, com o registro de 74 mortes. No Cear\u00e1, h\u00e1 10.236 casos suspeitos e 6.462 exames realizados. 55 munic\u00edpios cearenses  casos confirmados da doen\u00e7a.<\/p>\n\n\n\n<p>No Brasil,&nbsp;s\u00e3o&nbsp;1.124&nbsp;mortes e 20.727 casos confirmados at\u00e9 a tarde de s\u00e1bado, dia 11, conforme o Minist\u00e9rio da Sa\u00fade.<\/p>\n\n\n\n<figure class=\"wp-block-gallery columns-1 is-cropped wp-block-gallery-1 is-layout-flex wp-block-gallery-is-layout-flex\"><ul class=\"blocks-gallery-grid\"><li class=\"blocks-gallery-item\"><figure><img loading=\"lazy\" decoding=\"async\" width=\"496\" height=\"300\" src=\"http:\/\/blogdorogeriogomes.com.br\/wp-content\/uploads\/2020\/04\/coronavirus-2_2.jpeg\" alt=\"\" data-id=\"16280\" data-full-url=\"http:\/\/blogdorogeriogomes.com.br\/wp-content\/uploads\/2020\/04\/coronavirus-2_2.jpeg\" data-link=\"http:\/\/blogdorogeriogomes.com.br\/?attachment_id=16280\" class=\"wp-image-16280\" srcset=\"https:\/\/blogdorogeriogomes.com.br\/noticias\/wp-content\/uploads\/2020\/04\/coronavirus-2_2.jpeg 496w, https:\/\/blogdorogeriogomes.com.br\/noticias\/wp-content\/uploads\/2020\/04\/coronavirus-2_2-300x181.jpeg 300w\" sizes=\"auto, (max-width: 496px) 100vw, 496px\" \/><\/figure><\/li><\/ul><\/figure>\n","protected":false},"excerpt":{"rendered":"<p>De acordo com a atualiza\u00e7\u00e3o da Secretaria de Sa\u00fade do Cear\u00e1, neste domingo, dia 12 de abril, o Estado chegou a 1.670 casos confirmados da Covid-19, com o registro de 74 mortes. No Cear\u00e1, h\u00e1 10.236 casos suspeitos e 6.462 exames realizados. 55 munic\u00edpios cearenses casos confirmados da doen\u00e7a. No Brasil,&nbsp;s\u00e3o&nbsp;1.124&nbsp;mortes e 20.727 casos confirmados at\u00e9 a tarde de s\u00e1bado, dia 11, conforme o Minist\u00e9rio da Sa\u00fade.<\/p>\n","protected":false},"author":1,"featured_media":16280,"comment_status":"open","ping_status":"open","sticky":false,"template":"","format":"standard","meta":{"footnotes":""},"categories":[1],"tags":[],"class_list":["post-16279","post","type-post","status-publish","format-standard","has-post-thumbnail","hentry","category-noticias"],"_links":{"self":[{"href":"https:\/\/blogdorogeriogomes.com.br\/noticias\/wp-json\/wp\/v2\/posts\/16279","targetHints":{"allow":["GET"]}}],"collection":[{"href":"https:\/\/blogdorogeriogomes.com.br\/noticias\/wp-json\/wp\/v2\/posts"}],"about":[{"href":"https:\/\/blogdorogeriogomes.com.br\/noticias\/wp-json\/wp\/v2\/types\/post"}],"author":[{"embeddable":true,"href":"https:\/\/blogdorogeriogomes.com.br\/noticias\/wp-json\/wp\/v2\/users\/1"}],"replies":[{"embeddable":true,"href":"https:\/\/blogdorogeriogomes.com.br\/noticias\/wp-json\/wp\/v2\/comments?post=16279"}],"version-history":[{"count":2,"href":"https:\/\/blogdorogeriogomes.com.br\/noticias\/wp-json\/wp\/v2\/posts\/16279\/revisions"}],"predecessor-version":[{"id":16289,"href":"https:\/\/blogdorogeriogomes.com.br\/noticias\/wp-json\/wp\/v2\/posts\/16279\/revisions\/16289"}],"wp:featuredmedia":[{"embeddable":true,"href":"https:\/\/blogdorogeriogomes.com.br\/noticias\/wp-json\/wp\/v2\/media\/16280"}],"wp:attachment":[{"href":"https:\/\/blogdorogeriogomes.com.br\/noticias\/wp-json\/wp\/v2\/media?parent=16279"}],"wp:term":[{"taxonomy":"category","embeddable":true,"href":"https:\/\/blogdorogeriogomes.com.br\/noticias\/wp-json\/wp\/v2\/categories?post=16279"},{"taxonomy":"post_tag","embeddable":true,"href":"https:\/\/blogdorogeriogomes.com.br\/noticias\/wp-json\/wp\/v2\/tags?post=16279"}],"curies":[{"name":"wp","href":"https:\/\/api.w.org\/{rel}","templated":true}]}}