{"id":16282,"date":"2020-04-13T10:52:58","date_gmt":"2020-04-13T10:52:58","guid":{"rendered":"http:\/\/blogdorogeriogomes.com.br\/?p=16282"},"modified":"2020-04-13T11:36:15","modified_gmt":"2020-04-13T11:36:15","slug":"ministro-luiz-mandetta-cobra-um-discurso-unico-do-presidente-da-republica-sobre-o-enfrentamento-ao-coronavirus","status":"publish","type":"post","link":"https:\/\/blogdorogeriogomes.com.br\/noticias\/2020\/04\/ministro-luiz-mandetta-cobra-um-discurso-unico-do-presidente-da-republica-sobre-o-enfrentamento-ao-coronavirus\/","title":{"rendered":"Ministro Luiz Mandetta cobra um discurso \u00fanico do Presidente da Rep\u00fablica sobre o enfrentamento ao coronav\u00edrus"},"content":{"rendered":"\n<p>Em entrevista ao Fant\u00e1stico, da TV Globo, neste domingo, dia 12 de abril, o ministro da Sa\u00fade, Luiz Henrique Mandetta, afirmou que espera &#8220;uma fala unificada e o fim da dubiedade&#8221; entre suas orienta\u00e7\u00f5es e as do presidente Jair Bolsonaro a respeito das medidas de combate \u00e0 expans\u00e3o da pandemia do novo coronav\u00edrus. &#8220;Isso leva para o brasileiro uma dubiedade, ele n\u00e3o sabe se ele escuta o ministro da sa\u00fade ou se escuta o presidente da Rep\u00fablica&#8221;, disse o ministro.<\/p>\n\n\n\n<p>Atrav\u00e9s das redes sociais, o governador do Cear\u00e1, Camilo Santana, neste domingo, dia 12, tamb\u00e9m voltou a alertar a popula\u00e7\u00e3o sobre a import\u00e2ncia do isolamento social. &#8220;Muitas pessoas ainda n\u00e3o perceberam a gravidade da situa\u00e7\u00e3o. Insistem em n\u00e3o seguir o afastamento social e buscam viver a normalidade num momento anormal&#8221;. Camilo ressalta que se n\u00e3o houver &#8220;consci\u00eancia coletiva, a preven\u00e7\u00e3o para evitar o r\u00e1pido avan\u00e7o do coronav\u00edrus ser\u00e1 gravemente comprometida\u201d. No Cear\u00e1, at\u00e9 este domingo, a Covid-19 j\u00e1 matou 85 pessoas e tem 1.747 casos confirmados.<\/p>\n\n\n\n<p> <\/p>\n\n\n\n<figure class=\"wp-block-gallery columns-1 is-cropped wp-block-gallery-1 is-layout-flex wp-block-gallery-is-layout-flex\"><ul class=\"blocks-gallery-grid\"><li class=\"blocks-gallery-item\"><figure><img loading=\"lazy\" decoding=\"async\" width=\"450\" height=\"337\" src=\"http:\/\/blogdorogeriogomes.com.br\/wp-content\/uploads\/2020\/04\/o-ministro-da-saude-luiz-henrique-mandetta-durante-entrevista-ao-fantastico-1586744769307_v2_450x337.png\" alt=\"\" data-id=\"16283\" data-full-url=\"http:\/\/blogdorogeriogomes.com.br\/wp-content\/uploads\/2020\/04\/o-ministro-da-saude-luiz-henrique-mandetta-durante-entrevista-ao-fantastico-1586744769307_v2_450x337.png\" data-link=\"http:\/\/blogdorogeriogomes.com.br\/?attachment_id=16283\" class=\"wp-image-16283\" srcset=\"https:\/\/blogdorogeriogomes.com.br\/noticias\/wp-content\/uploads\/2020\/04\/o-ministro-da-saude-luiz-henrique-mandetta-durante-entrevista-ao-fantastico-1586744769307_v2_450x337.png 450w, https:\/\/blogdorogeriogomes.com.br\/noticias\/wp-content\/uploads\/2020\/04\/o-ministro-da-saude-luiz-henrique-mandetta-durante-entrevista-ao-fantastico-1586744769307_v2_450x337-300x225.png 300w, https:\/\/blogdorogeriogomes.com.br\/noticias\/wp-content\/uploads\/2020\/04\/o-ministro-da-saude-luiz-henrique-mandetta-durante-entrevista-ao-fantastico-1586744769307_v2_450x337-400x300.png 400w\" sizes=\"auto, (max-width: 450px) 100vw, 450px\" \/><\/figure><\/li><\/ul><\/figure>\n","protected":false},"excerpt":{"rendered":"<p>Em entrevista ao Fant\u00e1stico, da TV Globo, neste domingo, dia 12 de abril, o ministro da Sa\u00fade, Luiz Henrique Mandetta, afirmou que espera &#8220;uma fala unificada e o fim da dubiedade&#8221; entre suas orienta\u00e7\u00f5es e as do presidente Jair Bolsonaro a respeito das medidas de combate \u00e0 expans\u00e3o da pandemia do novo coronav\u00edrus. &#8220;Isso leva para o brasileiro uma dubiedade, ele n\u00e3o sabe se ele escuta o ministro da sa\u00fade ou se escuta o presidente da Rep\u00fablica&#8221;, disse o&hellip;<\/p>\n","protected":false},"author":1,"featured_media":16283,"comment_status":"open","ping_status":"open","sticky":false,"template":"","format":"standard","meta":{"footnotes":""},"categories":[1],"tags":[],"class_list":["post-16282","post","type-post","status-publish","format-standard","has-post-thumbnail","hentry","category-noticias"],"_links":{"self":[{"href":"https:\/\/blogdorogeriogomes.com.br\/noticias\/wp-json\/wp\/v2\/posts\/16282","targetHints":{"allow":["GET"]}}],"collection":[{"href":"https:\/\/blogdorogeriogomes.com.br\/noticias\/wp-json\/wp\/v2\/posts"}],"about":[{"href":"https:\/\/blogdorogeriogomes.com.br\/noticias\/wp-json\/wp\/v2\/types\/post"}],"author":[{"embeddable":true,"href":"https:\/\/blogdorogeriogomes.com.br\/noticias\/wp-json\/wp\/v2\/users\/1"}],"replies":[{"embeddable":true,"href":"https:\/\/blogdorogeriogomes.com.br\/noticias\/wp-json\/wp\/v2\/comments?post=16282"}],"version-history":[{"count":1,"href":"https:\/\/blogdorogeriogomes.com.br\/noticias\/wp-json\/wp\/v2\/posts\/16282\/revisions"}],"predecessor-version":[{"id":16284,"href":"https:\/\/blogdorogeriogomes.com.br\/noticias\/wp-json\/wp\/v2\/posts\/16282\/revisions\/16284"}],"wp:featuredmedia":[{"embeddable":true,"href":"https:\/\/blogdorogeriogomes.com.br\/noticias\/wp-json\/wp\/v2\/media\/16283"}],"wp:attachment":[{"href":"https:\/\/blogdorogeriogomes.com.br\/noticias\/wp-json\/wp\/v2\/media?parent=16282"}],"wp:term":[{"taxonomy":"category","embeddable":true,"href":"https:\/\/blogdorogeriogomes.com.br\/noticias\/wp-json\/wp\/v2\/categories?post=16282"},{"taxonomy":"post_tag","embeddable":true,"href":"https:\/\/blogdorogeriogomes.com.br\/noticias\/wp-json\/wp\/v2\/tags?post=16282"}],"curies":[{"name":"wp","href":"https:\/\/api.w.org\/{rel}","templated":true}]}}