{"id":16293,"date":"2020-04-14T00:34:57","date_gmt":"2020-04-14T00:34:57","guid":{"rendered":"http:\/\/blogdorogeriogomes.com.br\/?p=16293"},"modified":"2020-04-14T12:16:33","modified_gmt":"2020-04-14T12:16:33","slug":"camilo-santana-anuncia-a-ampliacao-de-leitos-de-uti-em-hospitais-de-fortaleza-e-do-interior-do-ceara","status":"publish","type":"post","link":"https:\/\/blogdorogeriogomes.com.br\/noticias\/2020\/04\/camilo-santana-anuncia-a-ampliacao-de-leitos-de-uti-em-hospitais-de-fortaleza-e-do-interior-do-ceara\/","title":{"rendered":"Camilo Santana anuncia a amplia\u00e7\u00e3o de leitos de UTI em hospitais de Fortaleza e do interior do Cear\u00e1"},"content":{"rendered":"\n<p>O governador do Cear\u00e1, Camilo Santana, ressaltou em live, nesta segunda-feira, dia 13 de abril, a amplia\u00e7\u00e3o no n\u00famero de UTIs no interior e em Fortaleza. Na capital houve amplia\u00e7\u00e3o com a solicita\u00e7\u00e3o tempor\u00e1ria do Hospital Leonardo da Vinci, montagem de mais leitos de Unidade de Terapia Intensiva (UTI) em hospitais da rede de sa\u00fade estadual como de Messejana, HGF, Hospital S\u00e3o Jos\u00e9 (foto) e, a partir de parceria com a Prefeitura de Fortaleza, no IJF2.<\/p>\n\n\n\n<p>No Cear\u00e1, s\u00e3o 58 os munic\u00edpios com confirma\u00e7\u00e3o da presen\u00e7a da Covid-19. \u201cH\u00e1 uma preocupa\u00e7\u00e3o tamb\u00e9m que possamos distribuir os leitos no interior. A nossa expectativa \u00e9 que possamos dobrar o n\u00famero de leitos de UTI nos hospitais p\u00fablicos do Estado e tamb\u00e9m naqueles que fazemos parcerias, filantr\u00f3picos ou municipais durante esse enfrentamento\u201d.<\/p>\n\n\n\n<p>Camilo Santana apontou, por exemplo, que no Hospital Regional do Cariri, em Juazeiro, j\u00e1 existem 50 leitos de UTI e est\u00e3o sendo criados mais 35, exclusivos para atender aos pacientes com Covid no Cariri. No Hospital Regional de Quixeramobim s\u00e3o 40 leitos de UTI e ser\u00e3o constru\u00eddos mais 20. No Hospital Regional de Sobral, al\u00e9m dos atuais 50 leitos de UTI foram criados mais 36.<\/p>\n\n\n\n<p>\u201cE vamos continuar ampliando. Nesta semana vou divulgar n\u00fameros de novos leitos de UTI em outros munic\u00edpios como Maracana\u00fa, Caucaia, Itapipoca, Iguatu, Ic\u00f3 e Crate\u00fas. Al\u00e9m de outras UTIs que estamos montando em hospitais municipais ou filantr\u00f3picos para podermos repartir esses leitos exclusivamente para atender pessoas com a Covi-19\u201d, adiantou o governador do Cear\u00e1.<\/p>\n\n\n\n<figure class=\"wp-block-gallery columns-1 is-cropped wp-block-gallery-1 is-layout-flex wp-block-gallery-is-layout-flex\"><ul class=\"blocks-gallery-grid\"><li class=\"blocks-gallery-item\"><figure><img loading=\"lazy\" decoding=\"async\" width=\"748\" height=\"402\" src=\"http:\/\/blogdorogeriogomes.com.br\/wp-content\/uploads\/2020\/04\/images-9.jpeg\" alt=\"\" data-id=\"16294\" data-full-url=\"http:\/\/blogdorogeriogomes.com.br\/wp-content\/uploads\/2020\/04\/images-9.jpeg\" data-link=\"http:\/\/blogdorogeriogomes.com.br\/?attachment_id=16294\" class=\"wp-image-16294\" srcset=\"https:\/\/blogdorogeriogomes.com.br\/noticias\/wp-content\/uploads\/2020\/04\/images-9.jpeg 748w, https:\/\/blogdorogeriogomes.com.br\/noticias\/wp-content\/uploads\/2020\/04\/images-9-300x161.jpeg 300w\" sizes=\"auto, (max-width: 748px) 100vw, 748px\" \/><\/figure><\/li><\/ul><\/figure>\n","protected":false},"excerpt":{"rendered":"<p>O governador do Cear\u00e1, Camilo Santana, ressaltou em live, nesta segunda-feira, dia 13 de abril, a amplia\u00e7\u00e3o no n\u00famero de UTIs no interior e em Fortaleza. Na capital houve amplia\u00e7\u00e3o com a solicita\u00e7\u00e3o tempor\u00e1ria do Hospital Leonardo da Vinci, montagem de mais leitos de Unidade de Terapia Intensiva (UTI) em hospitais da rede de sa\u00fade estadual como de Messejana, HGF, Hospital S\u00e3o Jos\u00e9 (foto) e, a partir de parceria com a Prefeitura de Fortaleza, no IJF2. No Cear\u00e1, s\u00e3o&hellip;<\/p>\n","protected":false},"author":1,"featured_media":16294,"comment_status":"open","ping_status":"open","sticky":false,"template":"","format":"standard","meta":{"footnotes":""},"categories":[1],"tags":[],"class_list":["post-16293","post","type-post","status-publish","format-standard","has-post-thumbnail","hentry","category-noticias"],"_links":{"self":[{"href":"https:\/\/blogdorogeriogomes.com.br\/noticias\/wp-json\/wp\/v2\/posts\/16293","targetHints":{"allow":["GET"]}}],"collection":[{"href":"https:\/\/blogdorogeriogomes.com.br\/noticias\/wp-json\/wp\/v2\/posts"}],"about":[{"href":"https:\/\/blogdorogeriogomes.com.br\/noticias\/wp-json\/wp\/v2\/types\/post"}],"author":[{"embeddable":true,"href":"https:\/\/blogdorogeriogomes.com.br\/noticias\/wp-json\/wp\/v2\/users\/1"}],"replies":[{"embeddable":true,"href":"https:\/\/blogdorogeriogomes.com.br\/noticias\/wp-json\/wp\/v2\/comments?post=16293"}],"version-history":[{"count":1,"href":"https:\/\/blogdorogeriogomes.com.br\/noticias\/wp-json\/wp\/v2\/posts\/16293\/revisions"}],"predecessor-version":[{"id":16295,"href":"https:\/\/blogdorogeriogomes.com.br\/noticias\/wp-json\/wp\/v2\/posts\/16293\/revisions\/16295"}],"wp:featuredmedia":[{"embeddable":true,"href":"https:\/\/blogdorogeriogomes.com.br\/noticias\/wp-json\/wp\/v2\/media\/16294"}],"wp:attachment":[{"href":"https:\/\/blogdorogeriogomes.com.br\/noticias\/wp-json\/wp\/v2\/media?parent=16293"}],"wp:term":[{"taxonomy":"category","embeddable":true,"href":"https:\/\/blogdorogeriogomes.com.br\/noticias\/wp-json\/wp\/v2\/categories?post=16293"},{"taxonomy":"post_tag","embeddable":true,"href":"https:\/\/blogdorogeriogomes.com.br\/noticias\/wp-json\/wp\/v2\/tags?post=16293"}],"curies":[{"name":"wp","href":"https:\/\/api.w.org\/{rel}","templated":true}]}}