{"id":16296,"date":"2020-04-14T11:07:23","date_gmt":"2020-04-14T11:07:23","guid":{"rendered":"http:\/\/blogdorogeriogomes.com.br\/?p=16296"},"modified":"2020-04-14T12:15:54","modified_gmt":"2020-04-14T12:15:54","slug":"governo-federal-reforca-as-datas-do-calendario-de-pagamento-do-auxilio-emergencial","status":"publish","type":"post","link":"https:\/\/blogdorogeriogomes.com.br\/noticias\/2020\/04\/governo-federal-reforca-as-datas-do-calendario-de-pagamento-do-auxilio-emergencial\/","title":{"rendered":"Governo Federal refor\u00e7a as datas do calend\u00e1rio de pagamento do aux\u00edlio emergencial"},"content":{"rendered":"\n<p>O Governo Federal come\u00e7a a pagar nesta ter\u00e7a-feira, dia 14 de abril, a primeira parcela do aux\u00edlio emergencial de R$ 600 para 831 mil pessoas que estavam inscritas no Cadastro \u00danico at\u00e9 20 de mar\u00e7o e n\u00e3o recebem Bolsa Fam\u00edlia.<\/p>\n\n\n\n<p>Desse total, 557,8 mil trabalhadores receber\u00e3o por meio da Poupan\u00e7a Digital Caixa. Os outros 273,2 mil ter\u00e3o o valor depositado em conta do Banco do Brasil.<\/p>\n\n\n\n<p>Os que recebem na Poupan\u00e7a Digital Caixa nesta ter\u00e7a-feira s\u00e3o nascidos em janeiro. Quem faz anivers\u00e1rio nos demais meses receber\u00e1 ao longo da semana, da seguinte forma: na quarta-feira, dia 15, os nascidos em fevereiro, mar\u00e7o ou abril (1,64 milh\u00e3o de pessoas); na quinta-feira, dia 16, os nascidos em maio, junho, julho ou agosto (2,28 milh\u00f5es de pessoas); e na sexta-feira, dia 17, os nascidos em setembro, outubro, novembro ou dezembro (1,96 milh\u00e3o de pessoas).<br>Para quem se inscreveu por meio do aplicativo Caixa Aux\u00edlio Emergencial (dispon\u00edvel para sistema Android e iOS), ou pelo pelo site da Caixa, o pagamento vai come\u00e7ar na quinta-feira, dia 16 de abril.<\/p>\n\n\n\n<figure class=\"wp-block-gallery columns-1 is-cropped wp-block-gallery-1 is-layout-flex wp-block-gallery-is-layout-flex\"><ul class=\"blocks-gallery-grid\"><li class=\"blocks-gallery-item\"><figure><img loading=\"lazy\" decoding=\"async\" width=\"653\" height=\"438\" src=\"http:\/\/blogdorogeriogomes.com.br\/wp-content\/uploads\/2020\/04\/images-10.jpeg\" alt=\"\" data-id=\"16297\" data-full-url=\"http:\/\/blogdorogeriogomes.com.br\/wp-content\/uploads\/2020\/04\/images-10.jpeg\" data-link=\"http:\/\/blogdorogeriogomes.com.br\/?attachment_id=16297\" class=\"wp-image-16297\" srcset=\"https:\/\/blogdorogeriogomes.com.br\/noticias\/wp-content\/uploads\/2020\/04\/images-10.jpeg 653w, https:\/\/blogdorogeriogomes.com.br\/noticias\/wp-content\/uploads\/2020\/04\/images-10-300x201.jpeg 300w\" sizes=\"auto, (max-width: 653px) 100vw, 653px\" \/><\/figure><\/li><\/ul><\/figure>\n","protected":false},"excerpt":{"rendered":"<p>O Governo Federal come\u00e7a a pagar nesta ter\u00e7a-feira, dia 14 de abril, a primeira parcela do aux\u00edlio emergencial de R$ 600 para 831 mil pessoas que estavam inscritas no Cadastro \u00danico at\u00e9 20 de mar\u00e7o e n\u00e3o recebem Bolsa Fam\u00edlia. Desse total, 557,8 mil trabalhadores receber\u00e3o por meio da Poupan\u00e7a Digital Caixa. Os outros 273,2 mil ter\u00e3o o valor depositado em conta do Banco do Brasil. Os que recebem na Poupan\u00e7a Digital Caixa nesta ter\u00e7a-feira s\u00e3o nascidos em janeiro.&hellip;<\/p>\n","protected":false},"author":1,"featured_media":16297,"comment_status":"open","ping_status":"open","sticky":false,"template":"","format":"standard","meta":{"footnotes":""},"categories":[1],"tags":[],"class_list":["post-16296","post","type-post","status-publish","format-standard","has-post-thumbnail","hentry","category-noticias"],"_links":{"self":[{"href":"https:\/\/blogdorogeriogomes.com.br\/noticias\/wp-json\/wp\/v2\/posts\/16296","targetHints":{"allow":["GET"]}}],"collection":[{"href":"https:\/\/blogdorogeriogomes.com.br\/noticias\/wp-json\/wp\/v2\/posts"}],"about":[{"href":"https:\/\/blogdorogeriogomes.com.br\/noticias\/wp-json\/wp\/v2\/types\/post"}],"author":[{"embeddable":true,"href":"https:\/\/blogdorogeriogomes.com.br\/noticias\/wp-json\/wp\/v2\/users\/1"}],"replies":[{"embeddable":true,"href":"https:\/\/blogdorogeriogomes.com.br\/noticias\/wp-json\/wp\/v2\/comments?post=16296"}],"version-history":[{"count":1,"href":"https:\/\/blogdorogeriogomes.com.br\/noticias\/wp-json\/wp\/v2\/posts\/16296\/revisions"}],"predecessor-version":[{"id":16298,"href":"https:\/\/blogdorogeriogomes.com.br\/noticias\/wp-json\/wp\/v2\/posts\/16296\/revisions\/16298"}],"wp:featuredmedia":[{"embeddable":true,"href":"https:\/\/blogdorogeriogomes.com.br\/noticias\/wp-json\/wp\/v2\/media\/16297"}],"wp:attachment":[{"href":"https:\/\/blogdorogeriogomes.com.br\/noticias\/wp-json\/wp\/v2\/media?parent=16296"}],"wp:term":[{"taxonomy":"category","embeddable":true,"href":"https:\/\/blogdorogeriogomes.com.br\/noticias\/wp-json\/wp\/v2\/categories?post=16296"},{"taxonomy":"post_tag","embeddable":true,"href":"https:\/\/blogdorogeriogomes.com.br\/noticias\/wp-json\/wp\/v2\/tags?post=16296"}],"curies":[{"name":"wp","href":"https:\/\/api.w.org\/{rel}","templated":true}]}}