{"id":16303,"date":"2020-04-14T16:50:46","date_gmt":"2020-04-14T16:50:46","guid":{"rendered":"http:\/\/blogdorogeriogomes.com.br\/?p=16303"},"modified":"2020-04-15T14:44:03","modified_gmt":"2020-04-15T14:44:03","slug":"prefeito-roberto-claudio-pede-ajuda-de-vereadores-para-reforcar-isolamento-social-nos-bairros-de-fortaleza","status":"publish","type":"post","link":"https:\/\/blogdorogeriogomes.com.br\/noticias\/2020\/04\/prefeito-roberto-claudio-pede-ajuda-de-vereadores-para-reforcar-isolamento-social-nos-bairros-de-fortaleza\/","title":{"rendered":"Prefeito Roberto Cl\u00e1udio pede ajuda de vereadores para refor\u00e7ar isolamento social nos bairros de Fortaleza"},"content":{"rendered":"\n<p>Com o objetivo de refor\u00e7ar o isolamento social nos bairros de Fortaleza, o prefeito Roberto Claudio coordenou na manh\u00e3 desta ter\u00e7a-feira, dia 14 de abril, uma reuni\u00e3o por v\u00eddeoconfer\u00eancia com os vereadores da Capital. A ideia \u00e9 definir novas a\u00e7\u00f5es que ajudem a prevenir o cont\u00e1gio do coronav\u00edrus.<\/p>\n\n\n\n<p>Al\u00e9m do prefeito, participaram da reuni\u00e3o a secret\u00e1ria municipal da Sa\u00fade, Joana Maciel, o m\u00e9dico epidemiologista Antonio Lima Neto, tamb\u00e9m da Secretaria da Sa\u00fade de Fortaleza, o presidente da C\u00e2mara Municipal, Antonio Henrique, e outros 28 vereadores.<br> \u201cA nossa maior preocupa\u00e7\u00e3o \u00e9 que, hoje, n\u00f3s j\u00e1 registramos casos de Covid-19 em praticamente todos os bairros de Fortaleza, inclusive naqueles que tem grande adensamento populacional o que facilita a propaga\u00e7\u00e3o do novo coronav\u00edrus\u201d, alertou o prefeito Roberto Claudio.<\/p>\n\n\n\n<p>A ideia \u00e9 que os vereadores possam auxiliar nessa interlocu\u00e7\u00e3o com a popula\u00e7\u00e3o para garantir o isolamento social que, de acordo com a Organiza\u00e7\u00e3o Mundial da Sa\u00fade, Ministerio da Sa\u00fade e autoridades sanit\u00e1rias do mundo inteiro, \u00e9 a forma mais efetiva de prevenir o cont\u00e1gio pelo coronav\u00edrus.<\/p>\n\n\n\n<p><\/p>\n\n\n\n<figure class=\"wp-block-gallery columns-1 is-cropped wp-block-gallery-1 is-layout-flex wp-block-gallery-is-layout-flex\"><ul class=\"blocks-gallery-grid\"><li class=\"blocks-gallery-item\"><figure><img loading=\"lazy\" decoding=\"async\" width=\"1024\" height=\"768\" src=\"http:\/\/blogdorogeriogomes.com.br\/wp-content\/uploads\/2020\/04\/IMG-20200414-WA0065.jpg\" alt=\"\" data-id=\"16304\" data-full-url=\"http:\/\/blogdorogeriogomes.com.br\/wp-content\/uploads\/2020\/04\/IMG-20200414-WA0065.jpg\" data-link=\"http:\/\/blogdorogeriogomes.com.br\/?attachment_id=16304\" class=\"wp-image-16304\" srcset=\"https:\/\/blogdorogeriogomes.com.br\/noticias\/wp-content\/uploads\/2020\/04\/IMG-20200414-WA0065.jpg 1024w, https:\/\/blogdorogeriogomes.com.br\/noticias\/wp-content\/uploads\/2020\/04\/IMG-20200414-WA0065-300x225.jpg 300w, https:\/\/blogdorogeriogomes.com.br\/noticias\/wp-content\/uploads\/2020\/04\/IMG-20200414-WA0065-768x576.jpg 768w, https:\/\/blogdorogeriogomes.com.br\/noticias\/wp-content\/uploads\/2020\/04\/IMG-20200414-WA0065-800x600.jpg 800w, https:\/\/blogdorogeriogomes.com.br\/noticias\/wp-content\/uploads\/2020\/04\/IMG-20200414-WA0065-400x300.jpg 400w\" sizes=\"auto, (max-width: 1024px) 100vw, 1024px\" \/><\/figure><\/li><\/ul><\/figure>\n","protected":false},"excerpt":{"rendered":"<p>Com o objetivo de refor\u00e7ar o isolamento social nos bairros de Fortaleza, o prefeito Roberto Claudio coordenou na manh\u00e3 desta ter\u00e7a-feira, dia 14 de abril, uma reuni\u00e3o por v\u00eddeoconfer\u00eancia com os vereadores da Capital. A ideia \u00e9 definir novas a\u00e7\u00f5es que ajudem a prevenir o cont\u00e1gio do coronav\u00edrus. Al\u00e9m do prefeito, participaram da reuni\u00e3o a secret\u00e1ria municipal da Sa\u00fade, Joana Maciel, o m\u00e9dico epidemiologista Antonio Lima Neto, tamb\u00e9m da Secretaria da Sa\u00fade de Fortaleza, o presidente da C\u00e2mara Municipal,&hellip;<\/p>\n","protected":false},"author":1,"featured_media":16304,"comment_status":"open","ping_status":"open","sticky":false,"template":"","format":"standard","meta":{"footnotes":""},"categories":[1],"tags":[],"class_list":["post-16303","post","type-post","status-publish","format-standard","has-post-thumbnail","hentry","category-noticias"],"_links":{"self":[{"href":"https:\/\/blogdorogeriogomes.com.br\/noticias\/wp-json\/wp\/v2\/posts\/16303","targetHints":{"allow":["GET"]}}],"collection":[{"href":"https:\/\/blogdorogeriogomes.com.br\/noticias\/wp-json\/wp\/v2\/posts"}],"about":[{"href":"https:\/\/blogdorogeriogomes.com.br\/noticias\/wp-json\/wp\/v2\/types\/post"}],"author":[{"embeddable":true,"href":"https:\/\/blogdorogeriogomes.com.br\/noticias\/wp-json\/wp\/v2\/users\/1"}],"replies":[{"embeddable":true,"href":"https:\/\/blogdorogeriogomes.com.br\/noticias\/wp-json\/wp\/v2\/comments?post=16303"}],"version-history":[{"count":1,"href":"https:\/\/blogdorogeriogomes.com.br\/noticias\/wp-json\/wp\/v2\/posts\/16303\/revisions"}],"predecessor-version":[{"id":16305,"href":"https:\/\/blogdorogeriogomes.com.br\/noticias\/wp-json\/wp\/v2\/posts\/16303\/revisions\/16305"}],"wp:featuredmedia":[{"embeddable":true,"href":"https:\/\/blogdorogeriogomes.com.br\/noticias\/wp-json\/wp\/v2\/media\/16304"}],"wp:attachment":[{"href":"https:\/\/blogdorogeriogomes.com.br\/noticias\/wp-json\/wp\/v2\/media?parent=16303"}],"wp:term":[{"taxonomy":"category","embeddable":true,"href":"https:\/\/blogdorogeriogomes.com.br\/noticias\/wp-json\/wp\/v2\/categories?post=16303"},{"taxonomy":"post_tag","embeddable":true,"href":"https:\/\/blogdorogeriogomes.com.br\/noticias\/wp-json\/wp\/v2\/tags?post=16303"}],"curies":[{"name":"wp","href":"https:\/\/api.w.org\/{rel}","templated":true}]}}