{"id":16306,"date":"2020-04-14T23:13:20","date_gmt":"2020-04-14T23:13:20","guid":{"rendered":"http:\/\/blogdorogeriogomes.com.br\/?p=16306"},"modified":"2020-04-15T14:44:17","modified_gmt":"2020-04-15T14:44:17","slug":"leitos-de-uti-no-ceara-ja-estao-com-quase-90-de-ocupacao-de-pacientes-com-coronavirus","status":"publish","type":"post","link":"https:\/\/blogdorogeriogomes.com.br\/noticias\/2020\/04\/leitos-de-uti-no-ceara-ja-estao-com-quase-90-de-ocupacao-de-pacientes-com-coronavirus\/","title":{"rendered":"Leitos de UTI no Cear\u00e1 j\u00e1 est\u00e3o com quase 90% de ocupa\u00e7\u00e3o de pacientes com coronav\u00edrus"},"content":{"rendered":"\n<p>O Secret\u00e1rio de Sa\u00fade do Cear\u00e1, Dr. Cabeto, revelou um dado preocupante nesta ter\u00e7a-feira, dia 14 de abril. Com o aumento de&nbsp;casos do novo&nbsp;coronav\u00edrus no Estado, o Cear\u00e1 est\u00e1 com quase 90% de ocupa\u00e7\u00e3o dos leitos de UTI na rede hospitalar. S\u00f3 em Fortaleza h\u00e1 245 pessoas internadas por Covid-19. Em todo o Cear\u00e1, s\u00e3o 120 interna\u00e7\u00f5es em UTIs por causa da doen\u00e7a. Segundo o secret\u00e1rio, o motivo maior tem sido a demora de muitos pacientes em procurar o atendimento. Quando chegam ao hospital, os sintomas j\u00e1 s\u00e3o os de maior gravidade.<\/p>\n\n\n\n<p>De acordo com o \u00faltimo boletim da Secretaria de Sa\u00fade do Estado, no fim da tarde, desta ter\u00e7a-feira, dia 14, subiu para 111&nbsp;o n\u00famero de mortes causadas pelo novo coronav\u00edrus no Cear\u00e1. Agora s\u00e3o 2.070 pessoas infectadas, sendo 1.794 s\u00f3 em Fortaleza. H\u00e1 registro da doen\u00e7a em mais 59 cidades cearenses.<\/p>\n\n\n\n<p>O Minist\u00e9rio da Sa\u00fade anunciou que subiu para 1.532 o n\u00famero de mortes pelo novo coronav\u00edrus no Brasil. S\u00e3o 204 \u00f3bitos confirmados nas \u00faltimas 24 horas. No total, s\u00e3o 25.262 casos oficiais no Pa\u00eds.<\/p>\n\n\n\n<figure class=\"wp-block-gallery columns-1 is-cropped wp-block-gallery-1 is-layout-flex wp-block-gallery-is-layout-flex\"><ul class=\"blocks-gallery-grid\"><li class=\"blocks-gallery-item\"><figure><img loading=\"lazy\" decoding=\"async\" width=\"640\" height=\"480\" src=\"http:\/\/blogdorogeriogomes.com.br\/wp-content\/uploads\/2020\/04\/images-4.jpeg\" alt=\"\" data-id=\"16307\" data-full-url=\"http:\/\/blogdorogeriogomes.com.br\/wp-content\/uploads\/2020\/04\/images-4.jpeg\" data-link=\"http:\/\/blogdorogeriogomes.com.br\/?attachment_id=16307\" class=\"wp-image-16307\" srcset=\"https:\/\/blogdorogeriogomes.com.br\/noticias\/wp-content\/uploads\/2020\/04\/images-4.jpeg 640w, https:\/\/blogdorogeriogomes.com.br\/noticias\/wp-content\/uploads\/2020\/04\/images-4-300x225.jpeg 300w, https:\/\/blogdorogeriogomes.com.br\/noticias\/wp-content\/uploads\/2020\/04\/images-4-400x300.jpeg 400w\" sizes=\"auto, (max-width: 640px) 100vw, 640px\" \/><\/figure><\/li><\/ul><\/figure>\n\n\n\n<p><\/p>\n\n\n\n<p><\/p>\n","protected":false},"excerpt":{"rendered":"<p>O Secret\u00e1rio de Sa\u00fade do Cear\u00e1, Dr. Cabeto, revelou um dado preocupante nesta ter\u00e7a-feira, dia 14 de abril. Com o aumento de&nbsp;casos do novo&nbsp;coronav\u00edrus no Estado, o Cear\u00e1 est\u00e1 com quase 90% de ocupa\u00e7\u00e3o dos leitos de UTI na rede hospitalar. S\u00f3 em Fortaleza h\u00e1 245 pessoas internadas por Covid-19. Em todo o Cear\u00e1, s\u00e3o 120 interna\u00e7\u00f5es em UTIs por causa da doen\u00e7a. Segundo o secret\u00e1rio, o motivo maior tem sido a demora de muitos pacientes em procurar o&hellip;<\/p>\n","protected":false},"author":1,"featured_media":16307,"comment_status":"open","ping_status":"open","sticky":false,"template":"","format":"standard","meta":{"footnotes":""},"categories":[1],"tags":[],"class_list":["post-16306","post","type-post","status-publish","format-standard","has-post-thumbnail","hentry","category-noticias"],"_links":{"self":[{"href":"https:\/\/blogdorogeriogomes.com.br\/noticias\/wp-json\/wp\/v2\/posts\/16306","targetHints":{"allow":["GET"]}}],"collection":[{"href":"https:\/\/blogdorogeriogomes.com.br\/noticias\/wp-json\/wp\/v2\/posts"}],"about":[{"href":"https:\/\/blogdorogeriogomes.com.br\/noticias\/wp-json\/wp\/v2\/types\/post"}],"author":[{"embeddable":true,"href":"https:\/\/blogdorogeriogomes.com.br\/noticias\/wp-json\/wp\/v2\/users\/1"}],"replies":[{"embeddable":true,"href":"https:\/\/blogdorogeriogomes.com.br\/noticias\/wp-json\/wp\/v2\/comments?post=16306"}],"version-history":[{"count":2,"href":"https:\/\/blogdorogeriogomes.com.br\/noticias\/wp-json\/wp\/v2\/posts\/16306\/revisions"}],"predecessor-version":[{"id":16316,"href":"https:\/\/blogdorogeriogomes.com.br\/noticias\/wp-json\/wp\/v2\/posts\/16306\/revisions\/16316"}],"wp:featuredmedia":[{"embeddable":true,"href":"https:\/\/blogdorogeriogomes.com.br\/noticias\/wp-json\/wp\/v2\/media\/16307"}],"wp:attachment":[{"href":"https:\/\/blogdorogeriogomes.com.br\/noticias\/wp-json\/wp\/v2\/media?parent=16306"}],"wp:term":[{"taxonomy":"category","embeddable":true,"href":"https:\/\/blogdorogeriogomes.com.br\/noticias\/wp-json\/wp\/v2\/categories?post=16306"},{"taxonomy":"post_tag","embeddable":true,"href":"https:\/\/blogdorogeriogomes.com.br\/noticias\/wp-json\/wp\/v2\/tags?post=16306"}],"curies":[{"name":"wp","href":"https:\/\/api.w.org\/{rel}","templated":true}]}}