{"id":16309,"date":"2020-04-15T11:27:22","date_gmt":"2020-04-15T11:27:22","guid":{"rendered":"http:\/\/blogdorogeriogomes.com.br\/?p=16309"},"modified":"2020-04-15T14:44:25","modified_gmt":"2020-04-15T14:44:25","slug":"novela-entre-bolsonaro-e-luiz-mandetta-caminha-para-um-desfecho-ministro-avalia-que-sera-demitido","status":"publish","type":"post","link":"https:\/\/blogdorogeriogomes.com.br\/noticias\/2020\/04\/novela-entre-bolsonaro-e-luiz-mandetta-caminha-para-um-desfecho-ministro-avalia-que-sera-demitido\/","title":{"rendered":"Novela entre Bolsonaro e Luiz Mandetta caminha para um desfecho. Ministro avalia que ser\u00e1 demitido"},"content":{"rendered":"\n<p>As pol\u00eamicas envolvendo o presidente Jair Bolsonaro e o ministro da Sa\u00fade, Luiz Mandetta, caminham para um desfecho. Mandetta reuniu a equipe na noite desta ter\u00e7a-feira, dia 14 de abril, e comunicou que espera sua demiss\u00e3o para ainda esta semana. Presidente e ministro discordam sobre o isolamento social sugerido pela Organiza\u00e7\u00e3o Mundial da Sa\u00fade (OMS). Mandetta defende o distanciamento das pessoas e Bolsonaro quer o afrouxamento do isolamento. <\/p>\n\n\n\n<p>O clima entre os dois \u00e9 de desgaste com troca de indiretas em entrevistas e pouco dialogo entre chefe e subordinado. Nesta ter\u00e7a-feira, Mandetta esteve presente na reuni\u00e3o do conselho de enfrentamento ao coronav\u00edrus com Bolsonaro e os demais ministros. Segundo relatos, o chefe da Sa\u00fade ficou em sil\u00eancio durante todo o encontro. Bolsonaro tamb\u00e9m tem deixado, nos \u00faltimos dias, de chamar Mandetta para reuni\u00f5es.<\/p>\n\n\n\n<p>Segundo a coluna Painel da Folha de S.Paulo, Luiz&nbsp;Mandetta avisou que combinou de esperar a escolha do substituto, o que j\u00e1 estaria sendo feito por Bolsonaro. \u00c9 aguardar.<\/p>\n\n\n\n<figure class=\"wp-block-gallery columns-1 is-cropped wp-block-gallery-1 is-layout-flex wp-block-gallery-is-layout-flex\"><ul class=\"blocks-gallery-grid\"><li class=\"blocks-gallery-item\"><figure><img loading=\"lazy\" decoding=\"async\" width=\"645\" height=\"388\" src=\"http:\/\/blogdorogeriogomes.com.br\/wp-content\/uploads\/2020\/04\/images-1-2.jpeg\" alt=\"\" data-id=\"16310\" data-full-url=\"http:\/\/blogdorogeriogomes.com.br\/wp-content\/uploads\/2020\/04\/images-1-2.jpeg\" data-link=\"http:\/\/blogdorogeriogomes.com.br\/?attachment_id=16310\" class=\"wp-image-16310\" srcset=\"https:\/\/blogdorogeriogomes.com.br\/noticias\/wp-content\/uploads\/2020\/04\/images-1-2.jpeg 645w, https:\/\/blogdorogeriogomes.com.br\/noticias\/wp-content\/uploads\/2020\/04\/images-1-2-300x180.jpeg 300w\" sizes=\"auto, (max-width: 645px) 100vw, 645px\" \/><\/figure><\/li><\/ul><\/figure>\n","protected":false},"excerpt":{"rendered":"<p>As pol\u00eamicas envolvendo o presidente Jair Bolsonaro e o ministro da Sa\u00fade, Luiz Mandetta, caminham para um desfecho. Mandetta reuniu a equipe na noite desta ter\u00e7a-feira, dia 14 de abril, e comunicou que espera sua demiss\u00e3o para ainda esta semana. Presidente e ministro discordam sobre o isolamento social sugerido pela Organiza\u00e7\u00e3o Mundial da Sa\u00fade (OMS). Mandetta defende o distanciamento das pessoas e Bolsonaro quer o afrouxamento do isolamento. O clima entre os dois \u00e9 de desgaste com troca de&hellip;<\/p>\n","protected":false},"author":1,"featured_media":16310,"comment_status":"open","ping_status":"open","sticky":false,"template":"","format":"standard","meta":{"footnotes":""},"categories":[1],"tags":[],"class_list":["post-16309","post","type-post","status-publish","format-standard","has-post-thumbnail","hentry","category-noticias"],"_links":{"self":[{"href":"https:\/\/blogdorogeriogomes.com.br\/noticias\/wp-json\/wp\/v2\/posts\/16309","targetHints":{"allow":["GET"]}}],"collection":[{"href":"https:\/\/blogdorogeriogomes.com.br\/noticias\/wp-json\/wp\/v2\/posts"}],"about":[{"href":"https:\/\/blogdorogeriogomes.com.br\/noticias\/wp-json\/wp\/v2\/types\/post"}],"author":[{"embeddable":true,"href":"https:\/\/blogdorogeriogomes.com.br\/noticias\/wp-json\/wp\/v2\/users\/1"}],"replies":[{"embeddable":true,"href":"https:\/\/blogdorogeriogomes.com.br\/noticias\/wp-json\/wp\/v2\/comments?post=16309"}],"version-history":[{"count":2,"href":"https:\/\/blogdorogeriogomes.com.br\/noticias\/wp-json\/wp\/v2\/posts\/16309\/revisions"}],"predecessor-version":[{"id":16317,"href":"https:\/\/blogdorogeriogomes.com.br\/noticias\/wp-json\/wp\/v2\/posts\/16309\/revisions\/16317"}],"wp:featuredmedia":[{"embeddable":true,"href":"https:\/\/blogdorogeriogomes.com.br\/noticias\/wp-json\/wp\/v2\/media\/16310"}],"wp:attachment":[{"href":"https:\/\/blogdorogeriogomes.com.br\/noticias\/wp-json\/wp\/v2\/media?parent=16309"}],"wp:term":[{"taxonomy":"category","embeddable":true,"href":"https:\/\/blogdorogeriogomes.com.br\/noticias\/wp-json\/wp\/v2\/categories?post=16309"},{"taxonomy":"post_tag","embeddable":true,"href":"https:\/\/blogdorogeriogomes.com.br\/noticias\/wp-json\/wp\/v2\/tags?post=16309"}],"curies":[{"name":"wp","href":"https:\/\/api.w.org\/{rel}","templated":true}]}}