{"id":16312,"date":"2020-04-15T11:51:15","date_gmt":"2020-04-15T11:51:15","guid":{"rendered":"http:\/\/blogdorogeriogomes.com.br\/?p=16312"},"modified":"2020-04-15T14:44:33","modified_gmt":"2020-04-15T14:44:33","slug":"reajuste-da-energia-eletrica-no-ceara-ficara-apenas-para-o-dia-30-de-junho-diz-enel","status":"publish","type":"post","link":"https:\/\/blogdorogeriogomes.com.br\/noticias\/2020\/04\/reajuste-da-energia-eletrica-no-ceara-ficara-apenas-para-o-dia-30-de-junho-diz-enel\/","title":{"rendered":"Reajuste da energia el\u00e9trica no Cear\u00e1 ficar\u00e1 apenas para o dia 30 de junho, diz Enel"},"content":{"rendered":"\n<p>A Enel Distribui\u00e7\u00e3o Cear\u00e1 confirmou, nesta ter\u00e7a-feira, dia 14 de julho, que o reajuste anual da tarifa de energia no Cear\u00e1 foi adiado para 30 de junho como forma de reduzir o impacto da crise gerada pelo novo coronav\u00edrus no Cear\u00e1.<\/p>\n\n\n\n<p>A Enel pediu \u00e0 Ag\u00eancia Nacional de Energia El\u00e9trica que o aumento previsto para vigorar a partir de 22 de abril fosse retardado em dois meses. &#8220;O reajuste m\u00e9dio aprovado hoje (14) pela Aneel foi de 3,94%. O aumento para consumidores de baixa tens\u00e3o, em sua maioria clientes residenciais, ser\u00e1 de 4,0%, e para os clientes de m\u00e9dia e alta tens\u00e3o, em geral ind\u00fastrias e grandes com\u00e9rcios, o \u00edndice aprovado \u00e9 de 3,78%&#8221;, diz a Enel em nota.<\/p>\n\n\n\n<p><\/p>\n\n\n\n<p><\/p>\n\n\n\n<figure class=\"wp-block-gallery columns-1 is-cropped wp-block-gallery-1 is-layout-flex wp-block-gallery-is-layout-flex\"><ul class=\"blocks-gallery-grid\"><li class=\"blocks-gallery-item\"><figure><img loading=\"lazy\" decoding=\"async\" width=\"678\" height=\"452\" src=\"http:\/\/blogdorogeriogomes.com.br\/wp-content\/uploads\/2020\/04\/images-2-2.jpeg\" alt=\"\" data-id=\"16313\" data-full-url=\"http:\/\/blogdorogeriogomes.com.br\/wp-content\/uploads\/2020\/04\/images-2-2.jpeg\" data-link=\"http:\/\/blogdorogeriogomes.com.br\/?attachment_id=16313\" class=\"wp-image-16313\" srcset=\"https:\/\/blogdorogeriogomes.com.br\/noticias\/wp-content\/uploads\/2020\/04\/images-2-2.jpeg 678w, https:\/\/blogdorogeriogomes.com.br\/noticias\/wp-content\/uploads\/2020\/04\/images-2-2-300x200.jpeg 300w\" sizes=\"auto, (max-width: 678px) 100vw, 678px\" \/><\/figure><\/li><\/ul><\/figure>\n","protected":false},"excerpt":{"rendered":"<p>A Enel Distribui\u00e7\u00e3o Cear\u00e1 confirmou, nesta ter\u00e7a-feira, dia 14 de julho, que o reajuste anual da tarifa de energia no Cear\u00e1 foi adiado para 30 de junho como forma de reduzir o impacto da crise gerada pelo novo coronav\u00edrus no Cear\u00e1. A Enel pediu \u00e0 Ag\u00eancia Nacional de Energia El\u00e9trica que o aumento previsto para vigorar a partir de 22 de abril fosse retardado em dois meses. &#8220;O reajuste m\u00e9dio aprovado hoje (14) pela Aneel foi de 3,94%. O&hellip;<\/p>\n","protected":false},"author":1,"featured_media":16313,"comment_status":"open","ping_status":"open","sticky":false,"template":"","format":"standard","meta":{"footnotes":""},"categories":[1],"tags":[],"class_list":["post-16312","post","type-post","status-publish","format-standard","has-post-thumbnail","hentry","category-noticias"],"_links":{"self":[{"href":"https:\/\/blogdorogeriogomes.com.br\/noticias\/wp-json\/wp\/v2\/posts\/16312","targetHints":{"allow":["GET"]}}],"collection":[{"href":"https:\/\/blogdorogeriogomes.com.br\/noticias\/wp-json\/wp\/v2\/posts"}],"about":[{"href":"https:\/\/blogdorogeriogomes.com.br\/noticias\/wp-json\/wp\/v2\/types\/post"}],"author":[{"embeddable":true,"href":"https:\/\/blogdorogeriogomes.com.br\/noticias\/wp-json\/wp\/v2\/users\/1"}],"replies":[{"embeddable":true,"href":"https:\/\/blogdorogeriogomes.com.br\/noticias\/wp-json\/wp\/v2\/comments?post=16312"}],"version-history":[{"count":1,"href":"https:\/\/blogdorogeriogomes.com.br\/noticias\/wp-json\/wp\/v2\/posts\/16312\/revisions"}],"predecessor-version":[{"id":16314,"href":"https:\/\/blogdorogeriogomes.com.br\/noticias\/wp-json\/wp\/v2\/posts\/16312\/revisions\/16314"}],"wp:featuredmedia":[{"embeddable":true,"href":"https:\/\/blogdorogeriogomes.com.br\/noticias\/wp-json\/wp\/v2\/media\/16313"}],"wp:attachment":[{"href":"https:\/\/blogdorogeriogomes.com.br\/noticias\/wp-json\/wp\/v2\/media?parent=16312"}],"wp:term":[{"taxonomy":"category","embeddable":true,"href":"https:\/\/blogdorogeriogomes.com.br\/noticias\/wp-json\/wp\/v2\/categories?post=16312"},{"taxonomy":"post_tag","embeddable":true,"href":"https:\/\/blogdorogeriogomes.com.br\/noticias\/wp-json\/wp\/v2\/tags?post=16312"}],"curies":[{"name":"wp","href":"https:\/\/api.w.org\/{rel}","templated":true}]}}