{"id":16318,"date":"2020-04-15T20:51:29","date_gmt":"2020-04-15T20:51:29","guid":{"rendered":"http:\/\/blogdorogeriogomes.com.br\/?p=16318"},"modified":"2020-04-16T13:13:50","modified_gmt":"2020-04-16T13:13:50","slug":"camara-dos-deputados-formaliza-pedido-para-o-planalto-apresentar-resultado-de-exame-de-jair-bolsonaro","status":"publish","type":"post","link":"https:\/\/blogdorogeriogomes.com.br\/noticias\/2020\/04\/camara-dos-deputados-formaliza-pedido-para-o-planalto-apresentar-resultado-de-exame-de-jair-bolsonaro\/","title":{"rendered":"C\u00e2mara dos Deputados formaliza pedido para o Planalto apresentar resultado de exame de Jair Bolsonaro"},"content":{"rendered":"\n<p>O presidente da Rep\u00fablica, Jair Bolsonaro, j\u00e1 se submeteu a dois exames para testar para coronav\u00edrus. Segundo ele, os dois deram negativo. No entanto, ele se nega a mostrar o resultado dos exames. Como viajou com uma delega\u00e7\u00e3o aos Estados Unidos, onde mais de 20 membros da comitiva contra\u00edram a doen\u00e7a, a C\u00e2mara dos Deputados deu 30 dias para que a Presid\u00eancia da Rep\u00fablica apresente os resultados dos exames feitos por Jair Bolsonaro para comprovar se ele contraiu ou n\u00e3o coronav\u00edrus. O requerimento foi feito pelo deputado federal Rog\u00e9rio Correia (PT) e recebeu o aval do presidente da Casa, Rodrigo Maia (DEM).<\/p>\n\n\n\n<figure class=\"wp-block-gallery columns-1 is-cropped wp-block-gallery-1 is-layout-flex wp-block-gallery-is-layout-flex\"><ul class=\"blocks-gallery-grid\"><li class=\"blocks-gallery-item\"><figure><img loading=\"lazy\" decoding=\"async\" width=\"927\" height=\"331\" src=\"http:\/\/blogdorogeriogomes.com.br\/wp-content\/uploads\/2020\/04\/images-3-1.jpeg\" alt=\"\" data-id=\"16319\" data-full-url=\"http:\/\/blogdorogeriogomes.com.br\/wp-content\/uploads\/2020\/04\/images-3-1.jpeg\" data-link=\"http:\/\/blogdorogeriogomes.com.br\/?attachment_id=16319\" class=\"wp-image-16319\" srcset=\"https:\/\/blogdorogeriogomes.com.br\/noticias\/wp-content\/uploads\/2020\/04\/images-3-1.jpeg 927w, https:\/\/blogdorogeriogomes.com.br\/noticias\/wp-content\/uploads\/2020\/04\/images-3-1-300x107.jpeg 300w, https:\/\/blogdorogeriogomes.com.br\/noticias\/wp-content\/uploads\/2020\/04\/images-3-1-768x274.jpeg 768w, https:\/\/blogdorogeriogomes.com.br\/noticias\/wp-content\/uploads\/2020\/04\/images-3-1-800x286.jpeg 800w\" sizes=\"auto, (max-width: 927px) 100vw, 927px\" \/><\/figure><\/li><\/ul><\/figure>\n\n\n\n<p>Enquanto isso, Bolsonaro continua \u00e0s voltas para escolher um substituto para o ministro da Sa\u00fade, Luiz Mandetta, que continuava no cargo at\u00e9 o fim da tarde desta quarta-feira, dia 15 de abril. O secret\u00e1rio de Vigil\u00e2ncia em Sa\u00fade do Minist\u00e9rio, Wanderson de Oliveira, chegou a pedir demiss\u00e3o do cargos, mas Mandetta pediu para ele esperar: &#8220;Entramos no minist\u00e9rio juntos, estamos no minist\u00e9rio juntos e sairemos do minist\u00e9rio juntos&#8221;, disse.<\/p>\n\n\n\n<p><\/p>\n","protected":false},"excerpt":{"rendered":"<p>O presidente da Rep\u00fablica, Jair Bolsonaro, j\u00e1 se submeteu a dois exames para testar para coronav\u00edrus. Segundo ele, os dois deram negativo. No entanto, ele se nega a mostrar o resultado dos exames. Como viajou com uma delega\u00e7\u00e3o aos Estados Unidos, onde mais de 20 membros da comitiva contra\u00edram a doen\u00e7a, a C\u00e2mara dos Deputados deu 30 dias para que a Presid\u00eancia da Rep\u00fablica apresente os resultados dos exames feitos por Jair Bolsonaro para comprovar se ele contraiu ou&hellip;<\/p>\n","protected":false},"author":1,"featured_media":16319,"comment_status":"open","ping_status":"open","sticky":false,"template":"","format":"standard","meta":{"footnotes":""},"categories":[1],"tags":[],"class_list":["post-16318","post","type-post","status-publish","format-standard","has-post-thumbnail","hentry","category-noticias"],"_links":{"self":[{"href":"https:\/\/blogdorogeriogomes.com.br\/noticias\/wp-json\/wp\/v2\/posts\/16318","targetHints":{"allow":["GET"]}}],"collection":[{"href":"https:\/\/blogdorogeriogomes.com.br\/noticias\/wp-json\/wp\/v2\/posts"}],"about":[{"href":"https:\/\/blogdorogeriogomes.com.br\/noticias\/wp-json\/wp\/v2\/types\/post"}],"author":[{"embeddable":true,"href":"https:\/\/blogdorogeriogomes.com.br\/noticias\/wp-json\/wp\/v2\/users\/1"}],"replies":[{"embeddable":true,"href":"https:\/\/blogdorogeriogomes.com.br\/noticias\/wp-json\/wp\/v2\/comments?post=16318"}],"version-history":[{"count":1,"href":"https:\/\/blogdorogeriogomes.com.br\/noticias\/wp-json\/wp\/v2\/posts\/16318\/revisions"}],"predecessor-version":[{"id":16320,"href":"https:\/\/blogdorogeriogomes.com.br\/noticias\/wp-json\/wp\/v2\/posts\/16318\/revisions\/16320"}],"wp:featuredmedia":[{"embeddable":true,"href":"https:\/\/blogdorogeriogomes.com.br\/noticias\/wp-json\/wp\/v2\/media\/16319"}],"wp:attachment":[{"href":"https:\/\/blogdorogeriogomes.com.br\/noticias\/wp-json\/wp\/v2\/media?parent=16318"}],"wp:term":[{"taxonomy":"category","embeddable":true,"href":"https:\/\/blogdorogeriogomes.com.br\/noticias\/wp-json\/wp\/v2\/categories?post=16318"},{"taxonomy":"post_tag","embeddable":true,"href":"https:\/\/blogdorogeriogomes.com.br\/noticias\/wp-json\/wp\/v2\/tags?post=16318"}],"curies":[{"name":"wp","href":"https:\/\/api.w.org\/{rel}","templated":true}]}}