{"id":16324,"date":"2020-04-16T11:35:38","date_gmt":"2020-04-16T11:35:38","guid":{"rendered":"http:\/\/blogdorogeriogomes.com.br\/?p=16324"},"modified":"2020-04-16T13:14:06","modified_gmt":"2020-04-16T13:14:06","slug":"prefeitura-de-fortaleza-quer-endurecer-punicao-a-comerciantes-que-nao-respeitam-a-quarentena","status":"publish","type":"post","link":"https:\/\/blogdorogeriogomes.com.br\/noticias\/2020\/04\/prefeitura-de-fortaleza-quer-endurecer-punicao-a-comerciantes-que-nao-respeitam-a-quarentena\/","title":{"rendered":"Prefeitura de Fortaleza quer endurecer puni\u00e7\u00e3o a comerciantes que n\u00e3o respeitam a quarentena"},"content":{"rendered":"\n<p>A Prefeitura de Fortaleza quer endurecer as medidas de isolamento social nos bairros da Capital. A C\u00e2mara Municipal de Fortaleza deve votar nesta sexta-feira, dia 17 de abril, o projeto de lei enviado pelo prefeito Roberto Cl\u00e1udio que prev\u00ea o endurecimento das puni\u00e7\u00f5es a estabelecimentos que descumprirem restri\u00e7\u00f5es previstas pelo decreto de Estado de calamidade p\u00fablica. As penalidades variam de multa simples, suspens\u00e3o total ou parcial das atividades, interdi\u00e7\u00e3o do estabelecimento na qual ocorre a infra\u00e7\u00e3o at\u00e9 a regulariza\u00e7\u00e3o, al\u00e9m de cassa\u00e7\u00e3o de alvar\u00e1s, licen\u00e7as e autoriza\u00e7\u00f5es para funcionamento.<\/p>\n\n\n\n<p>O presidente da C\u00e2mara Municipal de Fortaleza, Ant\u00f4nio Henrique, ressalta que a Casa tem agilizado a aprova\u00e7\u00e3o de projetos de combate ao coronav\u00edrus. Nesta quarta-feira, dia 15, houve uma sess\u00e3o remota com 12 horas de dura\u00e7\u00e3o quando foram aprovadas v\u00e1rias mensagens. <\/p>\n\n\n\n<p>Foi aprovada a abertura de cr\u00e9dito no valor de R$ 70,3 milh\u00f5es para o Fundo Municipal de Sa\u00fade (FMS-AC) e o Instituto Dr. Jos\u00e9 Frota (IJF) para cobrir despesas com a emerg\u00eancia de sa\u00fade provocada pelo coronav\u00edrus; contrata\u00e7\u00e3o de profissionais da sa\u00fade, por tempo indeterminado, para fortalecer a rede p\u00fablica, atuando direta ou indiretamente em a\u00e7\u00f5es contra a pandemia; apoio a microempreendedores, ambulantes, feirantes e permission\u00e1rios cadastrados pela Prefeitura de Fortaleza atrav\u00e9s do Fundo Municipal de Desenvolvimento Econ\u00f4mico (FMDE), garantindo o fomento de aux\u00edlio \u00e0 subsist\u00eancia desses profissionais afetados pelas medidas de isolamento social; e autoriza\u00e7\u00e3o do uso de R$ 4 milh\u00f5es destinado ao Edital das Artes, para garantir o aux\u00edlio emergencial aos profissionais do setor da cultura impedidos de trabalhar em raz\u00e3o da situa\u00e7\u00e3o de calamidade p\u00fablica.<\/p>\n\n\n\n<figure class=\"wp-block-gallery columns-1 is-cropped wp-block-gallery-1 is-layout-flex wp-block-gallery-is-layout-flex\"><ul class=\"blocks-gallery-grid\"><li class=\"blocks-gallery-item\"><figure><img loading=\"lazy\" decoding=\"async\" width=\"1024\" height=\"535\" src=\"http:\/\/blogdorogeriogomes.com.br\/wp-content\/uploads\/2020\/04\/WhatsApp-Image-2020-04-15-at-23.01.27-1024x535.jpeg\" alt=\"\" data-id=\"16325\" data-full-url=\"http:\/\/blogdorogeriogomes.com.br\/wp-content\/uploads\/2020\/04\/WhatsApp-Image-2020-04-15-at-23.01.27.jpeg\" data-link=\"http:\/\/blogdorogeriogomes.com.br\/?attachment_id=16325\" class=\"wp-image-16325\" srcset=\"https:\/\/blogdorogeriogomes.com.br\/noticias\/wp-content\/uploads\/2020\/04\/WhatsApp-Image-2020-04-15-at-23.01.27-1024x535.jpeg 1024w, https:\/\/blogdorogeriogomes.com.br\/noticias\/wp-content\/uploads\/2020\/04\/WhatsApp-Image-2020-04-15-at-23.01.27-300x157.jpeg 300w, https:\/\/blogdorogeriogomes.com.br\/noticias\/wp-content\/uploads\/2020\/04\/WhatsApp-Image-2020-04-15-at-23.01.27-768x402.jpeg 768w, https:\/\/blogdorogeriogomes.com.br\/noticias\/wp-content\/uploads\/2020\/04\/WhatsApp-Image-2020-04-15-at-23.01.27-800x418.jpeg 800w, https:\/\/blogdorogeriogomes.com.br\/noticias\/wp-content\/uploads\/2020\/04\/WhatsApp-Image-2020-04-15-at-23.01.27.jpeg 1136w\" sizes=\"auto, (max-width: 1024px) 100vw, 1024px\" \/><\/figure><\/li><\/ul><\/figure>\n","protected":false},"excerpt":{"rendered":"<p>A Prefeitura de Fortaleza quer endurecer as medidas de isolamento social nos bairros da Capital. A C\u00e2mara Municipal de Fortaleza deve votar nesta sexta-feira, dia 17 de abril, o projeto de lei enviado pelo prefeito Roberto Cl\u00e1udio que prev\u00ea o endurecimento das puni\u00e7\u00f5es a estabelecimentos que descumprirem restri\u00e7\u00f5es previstas pelo decreto de Estado de calamidade p\u00fablica. As penalidades variam de multa simples, suspens\u00e3o total ou parcial das atividades, interdi\u00e7\u00e3o do estabelecimento na qual ocorre a infra\u00e7\u00e3o at\u00e9 a regulariza\u00e7\u00e3o,&hellip;<\/p>\n","protected":false},"author":1,"featured_media":16325,"comment_status":"open","ping_status":"open","sticky":false,"template":"","format":"standard","meta":{"footnotes":""},"categories":[1],"tags":[],"class_list":["post-16324","post","type-post","status-publish","format-standard","has-post-thumbnail","hentry","category-noticias"],"_links":{"self":[{"href":"https:\/\/blogdorogeriogomes.com.br\/noticias\/wp-json\/wp\/v2\/posts\/16324","targetHints":{"allow":["GET"]}}],"collection":[{"href":"https:\/\/blogdorogeriogomes.com.br\/noticias\/wp-json\/wp\/v2\/posts"}],"about":[{"href":"https:\/\/blogdorogeriogomes.com.br\/noticias\/wp-json\/wp\/v2\/types\/post"}],"author":[{"embeddable":true,"href":"https:\/\/blogdorogeriogomes.com.br\/noticias\/wp-json\/wp\/v2\/users\/1"}],"replies":[{"embeddable":true,"href":"https:\/\/blogdorogeriogomes.com.br\/noticias\/wp-json\/wp\/v2\/comments?post=16324"}],"version-history":[{"count":1,"href":"https:\/\/blogdorogeriogomes.com.br\/noticias\/wp-json\/wp\/v2\/posts\/16324\/revisions"}],"predecessor-version":[{"id":16326,"href":"https:\/\/blogdorogeriogomes.com.br\/noticias\/wp-json\/wp\/v2\/posts\/16324\/revisions\/16326"}],"wp:featuredmedia":[{"embeddable":true,"href":"https:\/\/blogdorogeriogomes.com.br\/noticias\/wp-json\/wp\/v2\/media\/16325"}],"wp:attachment":[{"href":"https:\/\/blogdorogeriogomes.com.br\/noticias\/wp-json\/wp\/v2\/media?parent=16324"}],"wp:term":[{"taxonomy":"category","embeddable":true,"href":"https:\/\/blogdorogeriogomes.com.br\/noticias\/wp-json\/wp\/v2\/categories?post=16324"},{"taxonomy":"post_tag","embeddable":true,"href":"https:\/\/blogdorogeriogomes.com.br\/noticias\/wp-json\/wp\/v2\/tags?post=16324"}],"curies":[{"name":"wp","href":"https:\/\/api.w.org\/{rel}","templated":true}]}}