{"id":16333,"date":"2020-04-16T18:31:49","date_gmt":"2020-04-16T18:31:49","guid":{"rendered":"http:\/\/blogdorogeriogomes.com.br\/?p=16333"},"modified":"2020-04-17T16:28:42","modified_gmt":"2020-04-17T16:28:42","slug":"leitos-de-uti-no-ceara-para-pacientes-com-a-covid-19-ja-estao-todos-lotados-diz-sesa","status":"publish","type":"post","link":"https:\/\/blogdorogeriogomes.com.br\/noticias\/2020\/04\/leitos-de-uti-no-ceara-para-pacientes-com-a-covid-19-ja-estao-todos-lotados-diz-sesa\/","title":{"rendered":"Leitos de UTI no Cear\u00e1 para pacientes com a Covid-19 j\u00e1 est\u00e3o todos lotados, diz Sesa"},"content":{"rendered":"\n<p>A secret\u00e1ria executiva de Vigil\u00e2ncia e Regula\u00e7\u00e3o da Secretaria de Sa\u00fade do Cear\u00e1 (Sesa), Magda Almeida, confirmou nesta quinta-feira, dia 16 de abril, que todos os leitos de UTI na rede p\u00fablica estadual para pacientes com coronav\u00edrus j\u00e1 est\u00e3o ocupados. Cerca de 48 pacientes diagnosticados com a doen\u00e7a j\u00e1 est\u00e3o na fila de espera por uma vaga nas unidades de tratamento intensivo. S\u00e3o 180 leitos de UTI ocupados e h\u00e1 proje\u00e7\u00e3o de se abrir mais 800. No entanto, a Sesa informa que o Cear\u00e1 ainda n\u00e3o recebeu todos os respiradores comprados para abrir os leitos restantes.<\/p>\n\n\n\n<figure class=\"wp-block-gallery columns-1 is-cropped wp-block-gallery-1 is-layout-flex wp-block-gallery-is-layout-flex\"><ul class=\"blocks-gallery-grid\"><li class=\"blocks-gallery-item\"><figure><img loading=\"lazy\" decoding=\"async\" width=\"716\" height=\"428\" src=\"http:\/\/blogdorogeriogomes.com.br\/wp-content\/uploads\/2020\/04\/images-6-2.jpeg\" alt=\"\" data-id=\"16334\" data-full-url=\"http:\/\/blogdorogeriogomes.com.br\/wp-content\/uploads\/2020\/04\/images-6-2.jpeg\" data-link=\"http:\/\/blogdorogeriogomes.com.br\/?attachment_id=16334\" class=\"wp-image-16334\" srcset=\"https:\/\/blogdorogeriogomes.com.br\/noticias\/wp-content\/uploads\/2020\/04\/images-6-2.jpeg 716w, https:\/\/blogdorogeriogomes.com.br\/noticias\/wp-content\/uploads\/2020\/04\/images-6-2-300x179.jpeg 300w\" sizes=\"auto, (max-width: 716px) 100vw, 716px\" \/><\/figure><\/li><\/ul><\/figure>\n\n\n\n<p>\u201cA press\u00e3o assistencial, independente dos n\u00fameros, \u00e9 muito grande sobre os leitos de UTI porque n\u00e3o conseguimos abrir todos os 800 leitos que a gente projetava. Nossos respiradores n\u00e3o foram entregues, e estamos com muitos problemas em rela\u00e7\u00e3o a isso&#8221;, disse Magda Almeida. A proje\u00e7\u00e3o da Secretaria da Sa\u00fade do Cear\u00e1 \u00e9 que, em 21 de abril, o Cear\u00e1 pode apresentar 3.100 casos confirmados do novo coronav\u00edrus.<\/p>\n\n\n\n<p><\/p>\n","protected":false},"excerpt":{"rendered":"<p>A secret\u00e1ria executiva de Vigil\u00e2ncia e Regula\u00e7\u00e3o da Secretaria de Sa\u00fade do Cear\u00e1 (Sesa), Magda Almeida, confirmou nesta quinta-feira, dia 16 de abril, que todos os leitos de UTI na rede p\u00fablica estadual para pacientes com coronav\u00edrus j\u00e1 est\u00e3o ocupados. Cerca de 48 pacientes diagnosticados com a doen\u00e7a j\u00e1 est\u00e3o na fila de espera por uma vaga nas unidades de tratamento intensivo. S\u00e3o 180 leitos de UTI ocupados e h\u00e1 proje\u00e7\u00e3o de se abrir mais 800. No entanto, a&hellip;<\/p>\n","protected":false},"author":1,"featured_media":16334,"comment_status":"open","ping_status":"open","sticky":false,"template":"","format":"standard","meta":{"footnotes":""},"categories":[1],"tags":[],"class_list":["post-16333","post","type-post","status-publish","format-standard","has-post-thumbnail","hentry","category-noticias"],"_links":{"self":[{"href":"https:\/\/blogdorogeriogomes.com.br\/noticias\/wp-json\/wp\/v2\/posts\/16333","targetHints":{"allow":["GET"]}}],"collection":[{"href":"https:\/\/blogdorogeriogomes.com.br\/noticias\/wp-json\/wp\/v2\/posts"}],"about":[{"href":"https:\/\/blogdorogeriogomes.com.br\/noticias\/wp-json\/wp\/v2\/types\/post"}],"author":[{"embeddable":true,"href":"https:\/\/blogdorogeriogomes.com.br\/noticias\/wp-json\/wp\/v2\/users\/1"}],"replies":[{"embeddable":true,"href":"https:\/\/blogdorogeriogomes.com.br\/noticias\/wp-json\/wp\/v2\/comments?post=16333"}],"version-history":[{"count":1,"href":"https:\/\/blogdorogeriogomes.com.br\/noticias\/wp-json\/wp\/v2\/posts\/16333\/revisions"}],"predecessor-version":[{"id":16335,"href":"https:\/\/blogdorogeriogomes.com.br\/noticias\/wp-json\/wp\/v2\/posts\/16333\/revisions\/16335"}],"wp:featuredmedia":[{"embeddable":true,"href":"https:\/\/blogdorogeriogomes.com.br\/noticias\/wp-json\/wp\/v2\/media\/16334"}],"wp:attachment":[{"href":"https:\/\/blogdorogeriogomes.com.br\/noticias\/wp-json\/wp\/v2\/media?parent=16333"}],"wp:term":[{"taxonomy":"category","embeddable":true,"href":"https:\/\/blogdorogeriogomes.com.br\/noticias\/wp-json\/wp\/v2\/categories?post=16333"},{"taxonomy":"post_tag","embeddable":true,"href":"https:\/\/blogdorogeriogomes.com.br\/noticias\/wp-json\/wp\/v2\/tags?post=16333"}],"curies":[{"name":"wp","href":"https:\/\/api.w.org\/{rel}","templated":true}]}}