{"id":16339,"date":"2020-04-16T19:49:54","date_gmt":"2020-04-16T19:49:54","guid":{"rendered":"http:\/\/blogdorogeriogomes.com.br\/?p=16339"},"modified":"2020-04-17T16:28:26","modified_gmt":"2020-04-17T16:28:26","slug":"mandetta-anuncia-que-foi-demitido-por-bolsonaro-nelson-teich-aceitou-assumir-ministerio-da-saude","status":"publish","type":"post","link":"https:\/\/blogdorogeriogomes.com.br\/noticias\/2020\/04\/mandetta-anuncia-que-foi-demitido-por-bolsonaro-nelson-teich-aceitou-assumir-ministerio-da-saude\/","title":{"rendered":"Mandetta anuncia que foi demitido por Bolsonaro. Nelson Teich aceitou assumir Minist\u00e9rio da Sa\u00fade"},"content":{"rendered":"\n<p>Como j\u00e1 era esperado por todos, Luiz Henrique Mandetta (foto) anunciou, nesta quinta-feira, dia 16 de abril, atrav\u00e9s das redes sociais, que foi demitido do cargo de ministro da Sa\u00fade pelo presidente Jair Bolsonaro. Tamb\u00e9m nesta quinta, o oncologista Nelson Luiz Sperle Teich (foto) se reuniu com Bolsonaro e aceitou a vaga deixada por Mandetta como titular da pasta.<\/p>\n\n\n\n<p>Luiz Mandetta declarou que estava cansado de mediar palavras com o presidente Bolsonaro. &#8220;Voc\u00ea vai, conversa, parece que est\u00e1 tudo acertado e, em seguida, o camarada muda o discurso de novo. J\u00e1 chega, n\u00e9? J\u00e1 ajudamos bastante&#8221;, disse.<\/p>\n\n\n\n<p>Agora \u00e9 esperar pra saber quais as ideias do novo Ministro da Sa\u00fade em rela\u00e7\u00e3o ao isolamento social que vem sendo adotado no Pa\u00eds, diante da pandemia do coronav\u00edrus. Esta era a principal diferen\u00e7a de pensamento entre Bolsonaro e Mandetta.<\/p>\n\n\n\n<figure class=\"wp-block-gallery columns-1 is-cropped wp-block-gallery-1 is-layout-flex wp-block-gallery-is-layout-flex\"><ul class=\"blocks-gallery-grid\"><li class=\"blocks-gallery-item\"><figure><img loading=\"lazy\" decoding=\"async\" width=\"600\" height=\"442\" src=\"http:\/\/blogdorogeriogomes.com.br\/wp-content\/uploads\/2020\/04\/images-8-1.jpeg\" alt=\"\" data-id=\"16340\" data-full-url=\"http:\/\/blogdorogeriogomes.com.br\/wp-content\/uploads\/2020\/04\/images-8-1.jpeg\" data-link=\"http:\/\/blogdorogeriogomes.com.br\/?attachment_id=16340\" class=\"wp-image-16340\" srcset=\"https:\/\/blogdorogeriogomes.com.br\/noticias\/wp-content\/uploads\/2020\/04\/images-8-1.jpeg 600w, https:\/\/blogdorogeriogomes.com.br\/noticias\/wp-content\/uploads\/2020\/04\/images-8-1-300x221.jpeg 300w\" sizes=\"auto, (max-width: 600px) 100vw, 600px\" \/><\/figure><\/li><\/ul><\/figure>\n","protected":false},"excerpt":{"rendered":"<p>Como j\u00e1 era esperado por todos, Luiz Henrique Mandetta (foto) anunciou, nesta quinta-feira, dia 16 de abril, atrav\u00e9s das redes sociais, que foi demitido do cargo de ministro da Sa\u00fade pelo presidente Jair Bolsonaro. Tamb\u00e9m nesta quinta, o oncologista Nelson Luiz Sperle Teich (foto) se reuniu com Bolsonaro e aceitou a vaga deixada por Mandetta como titular da pasta. Luiz Mandetta declarou que estava cansado de mediar palavras com o presidente Bolsonaro. &#8220;Voc\u00ea vai, conversa, parece que est\u00e1 tudo&hellip;<\/p>\n","protected":false},"author":1,"featured_media":16340,"comment_status":"open","ping_status":"open","sticky":false,"template":"","format":"standard","meta":{"footnotes":""},"categories":[1],"tags":[],"class_list":["post-16339","post","type-post","status-publish","format-standard","has-post-thumbnail","hentry","category-noticias"],"_links":{"self":[{"href":"https:\/\/blogdorogeriogomes.com.br\/noticias\/wp-json\/wp\/v2\/posts\/16339","targetHints":{"allow":["GET"]}}],"collection":[{"href":"https:\/\/blogdorogeriogomes.com.br\/noticias\/wp-json\/wp\/v2\/posts"}],"about":[{"href":"https:\/\/blogdorogeriogomes.com.br\/noticias\/wp-json\/wp\/v2\/types\/post"}],"author":[{"embeddable":true,"href":"https:\/\/blogdorogeriogomes.com.br\/noticias\/wp-json\/wp\/v2\/users\/1"}],"replies":[{"embeddable":true,"href":"https:\/\/blogdorogeriogomes.com.br\/noticias\/wp-json\/wp\/v2\/comments?post=16339"}],"version-history":[{"count":1,"href":"https:\/\/blogdorogeriogomes.com.br\/noticias\/wp-json\/wp\/v2\/posts\/16339\/revisions"}],"predecessor-version":[{"id":16341,"href":"https:\/\/blogdorogeriogomes.com.br\/noticias\/wp-json\/wp\/v2\/posts\/16339\/revisions\/16341"}],"wp:featuredmedia":[{"embeddable":true,"href":"https:\/\/blogdorogeriogomes.com.br\/noticias\/wp-json\/wp\/v2\/media\/16340"}],"wp:attachment":[{"href":"https:\/\/blogdorogeriogomes.com.br\/noticias\/wp-json\/wp\/v2\/media?parent=16339"}],"wp:term":[{"taxonomy":"category","embeddable":true,"href":"https:\/\/blogdorogeriogomes.com.br\/noticias\/wp-json\/wp\/v2\/categories?post=16339"},{"taxonomy":"post_tag","embeddable":true,"href":"https:\/\/blogdorogeriogomes.com.br\/noticias\/wp-json\/wp\/v2\/tags?post=16339"}],"curies":[{"name":"wp","href":"https:\/\/api.w.org\/{rel}","templated":true}]}}