{"id":16353,"date":"2020-04-17T23:03:42","date_gmt":"2020-04-17T23:03:42","guid":{"rendered":"http:\/\/blogdorogeriogomes.com.br\/?p=16353"},"modified":"2020-04-19T23:34:53","modified_gmt":"2020-04-19T23:34:53","slug":"ceara-tem-38-pacientes-de-coronavirus-na-fila-por-um-leito-de-uti-diz-dr-cabeto","status":"publish","type":"post","link":"https:\/\/blogdorogeriogomes.com.br\/noticias\/2020\/04\/ceara-tem-38-pacientes-de-coronavirus-na-fila-por-um-leito-de-uti-diz-dr-cabeto\/","title":{"rendered":"Cear\u00e1 tem 38 pacientes suspeitos de coronav\u00edrus na fila por um leito de UTI, diz      Dr. Cabeto"},"content":{"rendered":"\n<p>O secret\u00e1rio de Sa\u00fade do Cear\u00e1, Dr. Cabeto, confirmou nesta sexta-feira, dia 17 de abril,  que h\u00e1 38 pacientes suspeitos de coronav\u00edrus a espera de um leito de UTI na rede p\u00fablica estadual. Dr. Cabeto informou que hoje h\u00e1 260 leitos de UTI destinados a pacientes com a Covid-19 no Estado, mas o Governo Estadual planeja abrir mais 560. &#8220;Esse n\u00famero cresce a partir do n\u00famero de contatos, de cont\u00e1gios, ou de contamina\u00e7\u00f5es. Isso faz com que o servi\u00e7o esteja permanentemente se adequando&#8221;, disse o secret\u00e1rio. <\/p>\n\n\n\n<p>O Cear\u00e1 registrou mais 20 mortes nesta sexta-feira, dia 17 de abril, e chegou a 155 pelo novo coronav\u00edrus. O n\u00famero de casos confirmados da Covid-19 chegou a 2.747. Os n\u00fameros s\u00e3o da Secretaria da Sa\u00fade do Estado (Sesa).<br>No Brasil, o Minist\u00e9rio da Sa\u00fade anunciou que subiu para 2.141 o n\u00famero de mortes v\u00edtimas da pandemia. S\u00e3o 217 \u00f3bitos confirmados em 24 horas, o maior valor registrado no per\u00edodo. No total, s\u00e3o 33.682 casos oficiais no Pa\u00eds.<\/p>\n\n\n\n<figure class=\"wp-block-gallery columns-1 is-cropped wp-block-gallery-1 is-layout-flex wp-block-gallery-is-layout-flex\"><ul class=\"blocks-gallery-grid\"><li class=\"blocks-gallery-item\"><figure><img loading=\"lazy\" decoding=\"async\" width=\"679\" height=\"452\" src=\"http:\/\/blogdorogeriogomes.com.br\/wp-content\/uploads\/2020\/04\/images-10-1.jpeg\" alt=\"\" data-id=\"16354\" data-full-url=\"http:\/\/blogdorogeriogomes.com.br\/wp-content\/uploads\/2020\/04\/images-10-1.jpeg\" data-link=\"http:\/\/blogdorogeriogomes.com.br\/?attachment_id=16354\" class=\"wp-image-16354\" srcset=\"https:\/\/blogdorogeriogomes.com.br\/noticias\/wp-content\/uploads\/2020\/04\/images-10-1.jpeg 679w, https:\/\/blogdorogeriogomes.com.br\/noticias\/wp-content\/uploads\/2020\/04\/images-10-1-300x200.jpeg 300w\" sizes=\"auto, (max-width: 679px) 100vw, 679px\" \/><\/figure><\/li><\/ul><\/figure>\n","protected":false},"excerpt":{"rendered":"<p>O secret\u00e1rio de Sa\u00fade do Cear\u00e1, Dr. Cabeto, confirmou nesta sexta-feira, dia 17 de abril, que h\u00e1 38 pacientes suspeitos de coronav\u00edrus a espera de um leito de UTI na rede p\u00fablica estadual. Dr. Cabeto informou que hoje h\u00e1 260 leitos de UTI destinados a pacientes com a Covid-19 no Estado, mas o Governo Estadual planeja abrir mais 560. &#8220;Esse n\u00famero cresce a partir do n\u00famero de contatos, de cont\u00e1gios, ou de contamina\u00e7\u00f5es. Isso faz com que o servi\u00e7o&hellip;<\/p>\n","protected":false},"author":1,"featured_media":16354,"comment_status":"open","ping_status":"open","sticky":false,"template":"","format":"standard","meta":{"footnotes":""},"categories":[1],"tags":[],"class_list":["post-16353","post","type-post","status-publish","format-standard","has-post-thumbnail","hentry","category-noticias"],"_links":{"self":[{"href":"https:\/\/blogdorogeriogomes.com.br\/noticias\/wp-json\/wp\/v2\/posts\/16353","targetHints":{"allow":["GET"]}}],"collection":[{"href":"https:\/\/blogdorogeriogomes.com.br\/noticias\/wp-json\/wp\/v2\/posts"}],"about":[{"href":"https:\/\/blogdorogeriogomes.com.br\/noticias\/wp-json\/wp\/v2\/types\/post"}],"author":[{"embeddable":true,"href":"https:\/\/blogdorogeriogomes.com.br\/noticias\/wp-json\/wp\/v2\/users\/1"}],"replies":[{"embeddable":true,"href":"https:\/\/blogdorogeriogomes.com.br\/noticias\/wp-json\/wp\/v2\/comments?post=16353"}],"version-history":[{"count":2,"href":"https:\/\/blogdorogeriogomes.com.br\/noticias\/wp-json\/wp\/v2\/posts\/16353\/revisions"}],"predecessor-version":[{"id":16356,"href":"https:\/\/blogdorogeriogomes.com.br\/noticias\/wp-json\/wp\/v2\/posts\/16353\/revisions\/16356"}],"wp:featuredmedia":[{"embeddable":true,"href":"https:\/\/blogdorogeriogomes.com.br\/noticias\/wp-json\/wp\/v2\/media\/16354"}],"wp:attachment":[{"href":"https:\/\/blogdorogeriogomes.com.br\/noticias\/wp-json\/wp\/v2\/media?parent=16353"}],"wp:term":[{"taxonomy":"category","embeddable":true,"href":"https:\/\/blogdorogeriogomes.com.br\/noticias\/wp-json\/wp\/v2\/categories?post=16353"},{"taxonomy":"post_tag","embeddable":true,"href":"https:\/\/blogdorogeriogomes.com.br\/noticias\/wp-json\/wp\/v2\/tags?post=16353"}],"curies":[{"name":"wp","href":"https:\/\/api.w.org\/{rel}","templated":true}]}}