{"id":16361,"date":"2020-04-18T13:39:22","date_gmt":"2020-04-18T13:39:22","guid":{"rendered":"http:\/\/blogdorogeriogomes.com.br\/?p=16361"},"modified":"2020-04-19T23:34:34","modified_gmt":"2020-04-19T23:34:34","slug":"hospital-de-campanha-do-estadio-presidente-vargas-ja-comeca-a-receber-os-primeiros-pacientes-neste-sabado","status":"publish","type":"post","link":"https:\/\/blogdorogeriogomes.com.br\/noticias\/2020\/04\/hospital-de-campanha-do-estadio-presidente-vargas-ja-comeca-a-receber-os-primeiros-pacientes-neste-sabado\/","title":{"rendered":"Hospital de campanha do est\u00e1dio Presidente Vargas j\u00e1 come\u00e7a a receber os primeiros pacientes neste s\u00e1bado"},"content":{"rendered":"\n<p>O avan\u00e7o no n\u00famero de casos com suspeita de coronav\u00edrus em Fortaleza fez a Prefeitura da Capital antecipar o recebimento de pacientes no novo hospital de campanha do est\u00e1dio Presidente Vargas, no bairro Benfica, j\u00e1 para este s\u00e1bado, dia 18 de abril. Os primeiros 50 pacientes devem ser encaminhados pela central de regula\u00e7\u00e3o do munic\u00edpio, a partir da lista de espera demandada pelas Unidades de Pronto Atendimento (UPAs) e hospitais de Fortaleza. O hospital de campanha do PV tem capacidade para 204 leitos, mas com possibilidade de amplia\u00e7\u00e3o de acordo com a demanda.<br>Governo e Prefeitura de Fortaleza correm contra o tempo para conseguir novos respiradores. At\u00e9 sexta-feira, dia 24, dever\u00e3o chegar os equipamentos adquiridos pela Secretaria Municipal de Sa\u00fade. O Governo do Estado quer ampliar os atuais 260 leitos de UTI no Cear\u00e1 para 560 e tem negociado a entrega de 700 respiradores chineses, que devem ser entregues em tr\u00eas lotes, sendo 200 em abril, 400 em maio e 100 em junho.  <br>O cons\u00f3rcio de governadores do Nordeste pediu ainda ao Minist\u00e9rio da Sa\u00fade autoriza\u00e7\u00e3o para contratar cerca de 15 mil m\u00e9dicos formados no Exterior que ainda n\u00e3o possuem autoriza\u00e7\u00e3o para atuar no Brasil. A ideia \u00e9 refor\u00e7ar o atendimento na rede p\u00fablica de sa\u00fade.<\/p>\n\n\n\n<figure class=\"wp-block-gallery columns-1 is-cropped wp-block-gallery-1 is-layout-flex wp-block-gallery-is-layout-flex\"><ul class=\"blocks-gallery-grid\"><li class=\"blocks-gallery-item\"><figure><img loading=\"lazy\" decoding=\"async\" width=\"1024\" height=\"631\" src=\"http:\/\/blogdorogeriogomes.com.br\/wp-content\/uploads\/2020\/04\/hospital_de_campanha__16_-12428298-1-1024x631.jpg\" alt=\"\" data-id=\"16362\" data-full-url=\"http:\/\/blogdorogeriogomes.com.br\/wp-content\/uploads\/2020\/04\/hospital_de_campanha__16_-12428298-1.jpg\" data-link=\"http:\/\/blogdorogeriogomes.com.br\/?attachment_id=16362\" class=\"wp-image-16362\" srcset=\"https:\/\/blogdorogeriogomes.com.br\/noticias\/wp-content\/uploads\/2020\/04\/hospital_de_campanha__16_-12428298-1-1024x631.jpg 1024w, https:\/\/blogdorogeriogomes.com.br\/noticias\/wp-content\/uploads\/2020\/04\/hospital_de_campanha__16_-12428298-1-300x185.jpg 300w, https:\/\/blogdorogeriogomes.com.br\/noticias\/wp-content\/uploads\/2020\/04\/hospital_de_campanha__16_-12428298-1-768x474.jpg 768w, https:\/\/blogdorogeriogomes.com.br\/noticias\/wp-content\/uploads\/2020\/04\/hospital_de_campanha__16_-12428298-1-800x493.jpg 800w, https:\/\/blogdorogeriogomes.com.br\/noticias\/wp-content\/uploads\/2020\/04\/hospital_de_campanha__16_-12428298-1.jpg 1140w\" sizes=\"auto, (max-width: 1024px) 100vw, 1024px\" \/><\/figure><\/li><\/ul><\/figure>\n","protected":false},"excerpt":{"rendered":"<p>O avan\u00e7o no n\u00famero de casos com suspeita de coronav\u00edrus em Fortaleza fez a Prefeitura da Capital antecipar o recebimento de pacientes no novo hospital de campanha do est\u00e1dio Presidente Vargas, no bairro Benfica, j\u00e1 para este s\u00e1bado, dia 18 de abril. Os primeiros 50 pacientes devem ser encaminhados pela central de regula\u00e7\u00e3o do munic\u00edpio, a partir da lista de espera demandada pelas Unidades de Pronto Atendimento (UPAs) e hospitais de Fortaleza. O hospital de campanha do PV tem&hellip;<\/p>\n","protected":false},"author":1,"featured_media":16362,"comment_status":"open","ping_status":"open","sticky":false,"template":"","format":"standard","meta":{"footnotes":""},"categories":[1],"tags":[],"class_list":["post-16361","post","type-post","status-publish","format-standard","has-post-thumbnail","hentry","category-noticias"],"_links":{"self":[{"href":"https:\/\/blogdorogeriogomes.com.br\/noticias\/wp-json\/wp\/v2\/posts\/16361","targetHints":{"allow":["GET"]}}],"collection":[{"href":"https:\/\/blogdorogeriogomes.com.br\/noticias\/wp-json\/wp\/v2\/posts"}],"about":[{"href":"https:\/\/blogdorogeriogomes.com.br\/noticias\/wp-json\/wp\/v2\/types\/post"}],"author":[{"embeddable":true,"href":"https:\/\/blogdorogeriogomes.com.br\/noticias\/wp-json\/wp\/v2\/users\/1"}],"replies":[{"embeddable":true,"href":"https:\/\/blogdorogeriogomes.com.br\/noticias\/wp-json\/wp\/v2\/comments?post=16361"}],"version-history":[{"count":1,"href":"https:\/\/blogdorogeriogomes.com.br\/noticias\/wp-json\/wp\/v2\/posts\/16361\/revisions"}],"predecessor-version":[{"id":16363,"href":"https:\/\/blogdorogeriogomes.com.br\/noticias\/wp-json\/wp\/v2\/posts\/16361\/revisions\/16363"}],"wp:featuredmedia":[{"embeddable":true,"href":"https:\/\/blogdorogeriogomes.com.br\/noticias\/wp-json\/wp\/v2\/media\/16362"}],"wp:attachment":[{"href":"https:\/\/blogdorogeriogomes.com.br\/noticias\/wp-json\/wp\/v2\/media?parent=16361"}],"wp:term":[{"taxonomy":"category","embeddable":true,"href":"https:\/\/blogdorogeriogomes.com.br\/noticias\/wp-json\/wp\/v2\/categories?post=16361"},{"taxonomy":"post_tag","embeddable":true,"href":"https:\/\/blogdorogeriogomes.com.br\/noticias\/wp-json\/wp\/v2\/tags?post=16361"}],"curies":[{"name":"wp","href":"https:\/\/api.w.org\/{rel}","templated":true}]}}