{"id":16370,"date":"2020-04-20T00:41:39","date_gmt":"2020-04-20T00:41:39","guid":{"rendered":"http:\/\/blogdorogeriogomes.com.br\/?p=16370"},"modified":"2020-04-20T13:49:57","modified_gmt":"2020-04-20T13:49:57","slug":"camilo-santana-prorroga-a-quarentena-por-mais-15-dias-e-critica-as-manifestacoes-em-defesa-da-volta-da-ditadura-militar","status":"publish","type":"post","link":"https:\/\/blogdorogeriogomes.com.br\/noticias\/2020\/04\/camilo-santana-prorroga-a-quarentena-por-mais-15-dias-e-critica-as-manifestacoes-em-defesa-da-volta-da-ditadura-militar\/","title":{"rendered":"Camilo Santana prorroga a quarentena por mais 15 dias e critica as manifesta\u00e7\u00f5es em defesa da volta da ditadura militar"},"content":{"rendered":"\n<p>O governador do Cear\u00e1, Camilo Santana, prorrogou o decreto que estabelece isolamento social e o fechamento de alguns neg\u00f3cios no Cear\u00e1, para evitar o avan\u00e7o da contamina\u00e7\u00e3o pelo coronav\u00edrus no Estado. O prazo deste&nbsp;nova&nbsp;decreto \u00e9 de mais 15 dias. Vai at\u00e9 5 de maio. O Cear\u00e1 tem 189 \u00f3bitos e mais 3.300 casos confirmados, de acordo com a Secretaria da Sa\u00fade do Estado.<\/p>\n\n\n\n<p>Camilo Santana tamb\u00e9m criticou, pelas redes sociais, as manifesta\u00e7\u00f5es de pessoas em defesa da ditadura militar, fechamento do Congresso Nacional e STF, que foram registradas em Fortaleza e outras capitais do Pa\u00eds. O protesto tamb\u00e9m defendia o retorno do funcionamento do com\u00e9rcio, empresas e ind\u00fastrias. Em Bras\u00edlia, o presidente Jair Bolsonaro participou de uma das manifesta\u00e7\u00f5es, tendo feito at\u00e9 discurso para os aliados.<\/p>\n\n\n\n<p>&#8220;Inaceit\u00e1veis e repugnantes atos que fa\u00e7am apologia \u00e0 ditadura e que promovam o desrespeito \u00e0s institui\u00e7\u00f5es democr\u00e1ticas, como vimos hoje pelo pa\u00eds. O Brasil n\u00e3o se curvar\u00e1 jamais a esse tipo de amea\u00e7a&#8221;, disse o governador Camilo Santana.<\/p>\n\n\n\n<figure class=\"wp-block-gallery columns-1 is-cropped wp-block-gallery-1 is-layout-flex wp-block-gallery-is-layout-flex\"><ul class=\"blocks-gallery-grid\"><li class=\"blocks-gallery-item\"><figure><img loading=\"lazy\" decoding=\"async\" width=\"744\" height=\"412\" src=\"http:\/\/blogdorogeriogomes.com.br\/wp-content\/uploads\/2020\/04\/images-12-1.jpeg\" alt=\"\" data-id=\"16371\" data-full-url=\"http:\/\/blogdorogeriogomes.com.br\/wp-content\/uploads\/2020\/04\/images-12-1.jpeg\" data-link=\"http:\/\/blogdorogeriogomes.com.br\/?attachment_id=16371\" class=\"wp-image-16371\" srcset=\"https:\/\/blogdorogeriogomes.com.br\/noticias\/wp-content\/uploads\/2020\/04\/images-12-1.jpeg 744w, https:\/\/blogdorogeriogomes.com.br\/noticias\/wp-content\/uploads\/2020\/04\/images-12-1-300x166.jpeg 300w\" sizes=\"auto, (max-width: 744px) 100vw, 744px\" \/><\/figure><\/li><\/ul><\/figure>\n","protected":false},"excerpt":{"rendered":"<p>O governador do Cear\u00e1, Camilo Santana, prorrogou o decreto que estabelece isolamento social e o fechamento de alguns neg\u00f3cios no Cear\u00e1, para evitar o avan\u00e7o da contamina\u00e7\u00e3o pelo coronav\u00edrus no Estado. O prazo deste&nbsp;nova&nbsp;decreto \u00e9 de mais 15 dias. Vai at\u00e9 5 de maio. O Cear\u00e1 tem 189 \u00f3bitos e mais 3.300 casos confirmados, de acordo com a Secretaria da Sa\u00fade do Estado. Camilo Santana tamb\u00e9m criticou, pelas redes sociais, as manifesta\u00e7\u00f5es de pessoas em defesa da ditadura militar,&hellip;<\/p>\n","protected":false},"author":1,"featured_media":16371,"comment_status":"open","ping_status":"open","sticky":false,"template":"","format":"standard","meta":{"footnotes":""},"categories":[1],"tags":[],"class_list":["post-16370","post","type-post","status-publish","format-standard","has-post-thumbnail","hentry","category-noticias"],"_links":{"self":[{"href":"https:\/\/blogdorogeriogomes.com.br\/noticias\/wp-json\/wp\/v2\/posts\/16370","targetHints":{"allow":["GET"]}}],"collection":[{"href":"https:\/\/blogdorogeriogomes.com.br\/noticias\/wp-json\/wp\/v2\/posts"}],"about":[{"href":"https:\/\/blogdorogeriogomes.com.br\/noticias\/wp-json\/wp\/v2\/types\/post"}],"author":[{"embeddable":true,"href":"https:\/\/blogdorogeriogomes.com.br\/noticias\/wp-json\/wp\/v2\/users\/1"}],"replies":[{"embeddable":true,"href":"https:\/\/blogdorogeriogomes.com.br\/noticias\/wp-json\/wp\/v2\/comments?post=16370"}],"version-history":[{"count":2,"href":"https:\/\/blogdorogeriogomes.com.br\/noticias\/wp-json\/wp\/v2\/posts\/16370\/revisions"}],"predecessor-version":[{"id":16382,"href":"https:\/\/blogdorogeriogomes.com.br\/noticias\/wp-json\/wp\/v2\/posts\/16370\/revisions\/16382"}],"wp:featuredmedia":[{"embeddable":true,"href":"https:\/\/blogdorogeriogomes.com.br\/noticias\/wp-json\/wp\/v2\/media\/16371"}],"wp:attachment":[{"href":"https:\/\/blogdorogeriogomes.com.br\/noticias\/wp-json\/wp\/v2\/media?parent=16370"}],"wp:term":[{"taxonomy":"category","embeddable":true,"href":"https:\/\/blogdorogeriogomes.com.br\/noticias\/wp-json\/wp\/v2\/categories?post=16370"},{"taxonomy":"post_tag","embeddable":true,"href":"https:\/\/blogdorogeriogomes.com.br\/noticias\/wp-json\/wp\/v2\/tags?post=16370"}],"curies":[{"name":"wp","href":"https:\/\/api.w.org\/{rel}","templated":true}]}}