{"id":16383,"date":"2020-04-20T20:20:11","date_gmt":"2020-04-20T20:20:11","guid":{"rendered":"http:\/\/blogdorogeriogomes.com.br\/?p=16383"},"modified":"2020-04-22T13:38:48","modified_gmt":"2020-04-22T13:38:48","slug":"barra-do-ceara-e-o-bairro-de-fortaleza-com-maior-numero-de-obitos-pela-covid-19","status":"publish","type":"post","link":"https:\/\/blogdorogeriogomes.com.br\/noticias\/2020\/04\/barra-do-ceara-e-o-bairro-de-fortaleza-com-maior-numero-de-obitos-pela-covid-19\/","title":{"rendered":"Barra do Cear\u00e1 \u00e9 o bairro de Fortaleza com maior n\u00famero de \u00f3bitos pela Covid-19"},"content":{"rendered":"\n<p>Levantamento feito pela Prefeitura de Fortaleza e divulgado nesta segunda-feira, dia 20 de abril, mostra que a Barra do Cear\u00e1 \u00e9 o bairro de Fortaleza com maior n\u00famero de \u00f3bitos por coronav\u00edrus. S\u00e3o 31 casos e nove mortes no bairro. De acordo com o prefeito Roberto Cl\u00e1udio, h\u00e1 uma estimativa de pelo menos 100 pessoas contaminadas para cada caso de \u00f3bito, o que levaria a Barra do Cear\u00e1 a ter 900 casos da doen\u00e7a n\u00e3o confirmados, colocando a regi\u00e3o como a \u00e1rea mais cr\u00edtica da Capital. O Jos\u00e9 Walter \u00e9 o segundo bairro com mais mortes: oito confirmadas. Meireles, Aldeota, F\u00e1tima e Coc\u00f3 s\u00e3o os bairros com maior n\u00famero de casos confirmados.<\/p>\n\n\n\n<p>At\u00e9 o fim da tarde desta segunda-feira, o Cear\u00e1 registrou mais 17 mortes por coronav\u00edrus e chegou a 206 \u00f3bitos pela doen\u00e7a. S\u00e3o 3.487 casos confirmados da Covid-19.&nbsp;<\/p>\n\n\n\n<p>No Brasil, o n\u00famero de mortes provocadas pelo coronav\u00edrus subiu para 2.845, segundo o Minist\u00e9rio da Sa\u00fade. Nas \u00faltimas 24 horas, foram registradas 383 mortes, o maior n\u00famero de \u00f3bitos em um dia. O n\u00famero total de infectados no Pa\u00eds \u00e9 de 40.851.<\/p>\n\n\n\n<figure class=\"wp-block-gallery columns-1 is-cropped wp-block-gallery-1 is-layout-flex wp-block-gallery-is-layout-flex\"><ul class=\"blocks-gallery-grid\"><li class=\"blocks-gallery-item\"><figure><img loading=\"lazy\" decoding=\"async\" width=\"739\" height=\"415\" src=\"http:\/\/blogdorogeriogomes.com.br\/wp-content\/uploads\/2020\/04\/images-20.jpeg\" alt=\"\" data-id=\"16384\" data-full-url=\"http:\/\/blogdorogeriogomes.com.br\/wp-content\/uploads\/2020\/04\/images-20.jpeg\" data-link=\"http:\/\/blogdorogeriogomes.com.br\/?attachment_id=16384\" class=\"wp-image-16384\" srcset=\"https:\/\/blogdorogeriogomes.com.br\/noticias\/wp-content\/uploads\/2020\/04\/images-20.jpeg 739w, https:\/\/blogdorogeriogomes.com.br\/noticias\/wp-content\/uploads\/2020\/04\/images-20-300x168.jpeg 300w\" sizes=\"auto, (max-width: 739px) 100vw, 739px\" \/><\/figure><\/li><\/ul><\/figure>\n\n\n\n<p><\/p>\n","protected":false},"excerpt":{"rendered":"<p>Levantamento feito pela Prefeitura de Fortaleza e divulgado nesta segunda-feira, dia 20 de abril, mostra que a Barra do Cear\u00e1 \u00e9 o bairro de Fortaleza com maior n\u00famero de \u00f3bitos por coronav\u00edrus. S\u00e3o 31 casos e nove mortes no bairro. De acordo com o prefeito Roberto Cl\u00e1udio, h\u00e1 uma estimativa de pelo menos 100 pessoas contaminadas para cada caso de \u00f3bito, o que levaria a Barra do Cear\u00e1 a ter 900 casos da doen\u00e7a n\u00e3o confirmados, colocando a regi\u00e3o&hellip;<\/p>\n","protected":false},"author":1,"featured_media":16384,"comment_status":"open","ping_status":"open","sticky":false,"template":"","format":"standard","meta":{"footnotes":""},"categories":[1],"tags":[],"class_list":["post-16383","post","type-post","status-publish","format-standard","has-post-thumbnail","hentry","category-noticias"],"_links":{"self":[{"href":"https:\/\/blogdorogeriogomes.com.br\/noticias\/wp-json\/wp\/v2\/posts\/16383","targetHints":{"allow":["GET"]}}],"collection":[{"href":"https:\/\/blogdorogeriogomes.com.br\/noticias\/wp-json\/wp\/v2\/posts"}],"about":[{"href":"https:\/\/blogdorogeriogomes.com.br\/noticias\/wp-json\/wp\/v2\/types\/post"}],"author":[{"embeddable":true,"href":"https:\/\/blogdorogeriogomes.com.br\/noticias\/wp-json\/wp\/v2\/users\/1"}],"replies":[{"embeddable":true,"href":"https:\/\/blogdorogeriogomes.com.br\/noticias\/wp-json\/wp\/v2\/comments?post=16383"}],"version-history":[{"count":2,"href":"https:\/\/blogdorogeriogomes.com.br\/noticias\/wp-json\/wp\/v2\/posts\/16383\/revisions"}],"predecessor-version":[{"id":16410,"href":"https:\/\/blogdorogeriogomes.com.br\/noticias\/wp-json\/wp\/v2\/posts\/16383\/revisions\/16410"}],"wp:featuredmedia":[{"embeddable":true,"href":"https:\/\/blogdorogeriogomes.com.br\/noticias\/wp-json\/wp\/v2\/media\/16384"}],"wp:attachment":[{"href":"https:\/\/blogdorogeriogomes.com.br\/noticias\/wp-json\/wp\/v2\/media?parent=16383"}],"wp:term":[{"taxonomy":"category","embeddable":true,"href":"https:\/\/blogdorogeriogomes.com.br\/noticias\/wp-json\/wp\/v2\/categories?post=16383"},{"taxonomy":"post_tag","embeddable":true,"href":"https:\/\/blogdorogeriogomes.com.br\/noticias\/wp-json\/wp\/v2\/tags?post=16383"}],"curies":[{"name":"wp","href":"https:\/\/api.w.org\/{rel}","templated":true}]}}