{"id":16386,"date":"2020-04-20T23:47:56","date_gmt":"2020-04-20T23:47:56","guid":{"rendered":"http:\/\/blogdorogeriogomes.com.br\/?p=16386"},"modified":"2020-04-22T13:38:39","modified_gmt":"2020-04-22T13:38:39","slug":"governadores-do-nordeste-cobram-do-novo-ministro-da-saude-uma-melhor-distribuicao-de-recursos-para-combater-a-covid-19","status":"publish","type":"post","link":"https:\/\/blogdorogeriogomes.com.br\/noticias\/2020\/04\/governadores-do-nordeste-cobram-do-novo-ministro-da-saude-uma-melhor-distribuicao-de-recursos-para-combater-a-covid-19\/","title":{"rendered":"Governadores do Nordeste cobram do novo ministro da Sa\u00fade uma melhor distribui\u00e7\u00e3o de recursos para combater a Covid-19"},"content":{"rendered":"\n<p>Os governadores do Nordeste se reuniram na noite desta segunda-feira, dia 20 de abril, por videoconfer\u00eancia, com o novo ministro da Sa\u00fade, Nelson Teich. Em pauta, as a\u00e7\u00f5es de combate ao coronav\u00edrus em cada estado. O governador do Cear\u00e1, Camilo Santana, solicitou ao ministro a habilita\u00e7\u00e3o dos novos leitos de UTI em Fortaleza e munic\u00edpios do interior: Itapipoca, Iguatu, Tau\u00e1, Crate\u00fas, Tiangu\u00e1 e Aracati, entre outros. O Cear\u00e1 j\u00e1 havia solicitado durante a gest\u00e3o anterior do minist\u00e9rio, que tinha Luiz Mandetta \u00e0 frente.<\/p>\n\n\n\n<p>\u201cO ministro anterior j\u00e1 havia se comprometido com o Estado de que todos os leitos que solicitamos seriam habilitados. \u00c9 muito importante que a gente tenha um cronograma por parte do minist\u00e9rio de como ser\u00e1 realizada essa habilita\u00e7\u00e3o\u201d, disse Camilo Santana. O governador enfatizou a necessidade do envio de respiradores e uma melhor distribui\u00e7\u00e3o dos recursos por parte do Minist\u00e9rio da Sa\u00fade.<\/p>\n\n\n\n<p>Ao fim do encontro, ficou definido que os governadores enviar\u00e3o ao ministro os dados completos de cada estado sobre a pandemia de Covid-19. O ministro Nelson Teich se comprometeu a analisar a situa\u00e7\u00e3o de cada estado e realizar uma nova reuni\u00e3o durante a semana.<\/p>\n\n\n\n<figure class=\"wp-block-gallery columns-1 is-cropped wp-block-gallery-1 is-layout-flex wp-block-gallery-is-layout-flex\"><ul class=\"blocks-gallery-grid\"><li class=\"blocks-gallery-item\"><figure><img loading=\"lazy\" decoding=\"async\" width=\"1024\" height=\"768\" src=\"http:\/\/blogdorogeriogomes.com.br\/wp-content\/uploads\/2020\/04\/govern20-1200x900-1-1024x768.jpeg\" alt=\"\" data-id=\"16387\" data-full-url=\"http:\/\/blogdorogeriogomes.com.br\/wp-content\/uploads\/2020\/04\/govern20-1200x900-1.jpeg\" data-link=\"http:\/\/blogdorogeriogomes.com.br\/?attachment_id=16387\" class=\"wp-image-16387\" srcset=\"https:\/\/blogdorogeriogomes.com.br\/noticias\/wp-content\/uploads\/2020\/04\/govern20-1200x900-1-1024x768.jpeg 1024w, https:\/\/blogdorogeriogomes.com.br\/noticias\/wp-content\/uploads\/2020\/04\/govern20-1200x900-1-300x225.jpeg 300w, https:\/\/blogdorogeriogomes.com.br\/noticias\/wp-content\/uploads\/2020\/04\/govern20-1200x900-1-768x576.jpeg 768w, https:\/\/blogdorogeriogomes.com.br\/noticias\/wp-content\/uploads\/2020\/04\/govern20-1200x900-1-800x600.jpeg 800w, https:\/\/blogdorogeriogomes.com.br\/noticias\/wp-content\/uploads\/2020\/04\/govern20-1200x900-1-400x300.jpeg 400w, https:\/\/blogdorogeriogomes.com.br\/noticias\/wp-content\/uploads\/2020\/04\/govern20-1200x900-1.jpeg 1200w\" sizes=\"auto, (max-width: 1024px) 100vw, 1024px\" \/><\/figure><\/li><\/ul><\/figure>\n","protected":false},"excerpt":{"rendered":"<p>Os governadores do Nordeste se reuniram na noite desta segunda-feira, dia 20 de abril, por videoconfer\u00eancia, com o novo ministro da Sa\u00fade, Nelson Teich. Em pauta, as a\u00e7\u00f5es de combate ao coronav\u00edrus em cada estado. O governador do Cear\u00e1, Camilo Santana, solicitou ao ministro a habilita\u00e7\u00e3o dos novos leitos de UTI em Fortaleza e munic\u00edpios do interior: Itapipoca, Iguatu, Tau\u00e1, Crate\u00fas, Tiangu\u00e1 e Aracati, entre outros. O Cear\u00e1 j\u00e1 havia solicitado durante a gest\u00e3o anterior do minist\u00e9rio, que tinha&hellip;<\/p>\n","protected":false},"author":1,"featured_media":16387,"comment_status":"open","ping_status":"open","sticky":false,"template":"","format":"standard","meta":{"footnotes":""},"categories":[1],"tags":[],"class_list":["post-16386","post","type-post","status-publish","format-standard","has-post-thumbnail","hentry","category-noticias"],"_links":{"self":[{"href":"https:\/\/blogdorogeriogomes.com.br\/noticias\/wp-json\/wp\/v2\/posts\/16386","targetHints":{"allow":["GET"]}}],"collection":[{"href":"https:\/\/blogdorogeriogomes.com.br\/noticias\/wp-json\/wp\/v2\/posts"}],"about":[{"href":"https:\/\/blogdorogeriogomes.com.br\/noticias\/wp-json\/wp\/v2\/types\/post"}],"author":[{"embeddable":true,"href":"https:\/\/blogdorogeriogomes.com.br\/noticias\/wp-json\/wp\/v2\/users\/1"}],"replies":[{"embeddable":true,"href":"https:\/\/blogdorogeriogomes.com.br\/noticias\/wp-json\/wp\/v2\/comments?post=16386"}],"version-history":[{"count":1,"href":"https:\/\/blogdorogeriogomes.com.br\/noticias\/wp-json\/wp\/v2\/posts\/16386\/revisions"}],"predecessor-version":[{"id":16388,"href":"https:\/\/blogdorogeriogomes.com.br\/noticias\/wp-json\/wp\/v2\/posts\/16386\/revisions\/16388"}],"wp:featuredmedia":[{"embeddable":true,"href":"https:\/\/blogdorogeriogomes.com.br\/noticias\/wp-json\/wp\/v2\/media\/16387"}],"wp:attachment":[{"href":"https:\/\/blogdorogeriogomes.com.br\/noticias\/wp-json\/wp\/v2\/media?parent=16386"}],"wp:term":[{"taxonomy":"category","embeddable":true,"href":"https:\/\/blogdorogeriogomes.com.br\/noticias\/wp-json\/wp\/v2\/categories?post=16386"},{"taxonomy":"post_tag","embeddable":true,"href":"https:\/\/blogdorogeriogomes.com.br\/noticias\/wp-json\/wp\/v2\/tags?post=16386"}],"curies":[{"name":"wp","href":"https:\/\/api.w.org\/{rel}","templated":true}]}}