{"id":16395,"date":"2020-04-21T19:20:17","date_gmt":"2020-04-21T19:20:17","guid":{"rendered":"http:\/\/blogdorogeriogomes.com.br\/?p=16395"},"modified":"2020-04-22T13:37:55","modified_gmt":"2020-04-22T13:37:55","slug":"secretaria-de-cultura-do-estado-cancela-edital-ceara-junino-deste-ano-por-causa-do-avanco-da-covid-19","status":"publish","type":"post","link":"https:\/\/blogdorogeriogomes.com.br\/noticias\/2020\/04\/secretaria-de-cultura-do-estado-cancela-edital-ceara-junino-deste-ano-por-causa-do-avanco-da-covid-19\/","title":{"rendered":"Secretaria de Cultura do Estado cancela edital Cear\u00e1 Junino deste ano por causa do avan\u00e7o da Covid-19"},"content":{"rendered":"\n<p>Diante do agravamento da pandemia do coronav\u00edrus no Estado, a Secretaria da Cultura do Cear\u00e1 anunciou o cancelamento do XXII edital Cear\u00e1 Junino. Lan\u00e7ado em 5 de fevereiro deste ano, o documento abria a possibilidade para que quadrilhas juninas pudessem se apresentar em diferentes polos da festa no Estado.<\/p>\n\n\n\n<p>A partir de agora, todas as a\u00e7\u00f5es previstas no edital est\u00e3o canceladas para o exerc\u00edcio neste ano, n\u00e3o tendo qualquer efic\u00e1cia as inscri\u00e7\u00f5es realizadas at\u00e9 o dia 15 de abril.<\/p>\n\n\n\n<p>De acordo com a Secretaria de Cultura do Cear\u00e1, um dos principais motivos do cancelamento do edital tem rela\u00e7\u00e3o com o cumprimento do decreto governamental que disp\u00f5e de uma s\u00e9rie de medidas para enfrentamento e conten\u00e7\u00e3o da infec\u00e7\u00e3o provocada pelo novo coronav\u00edrus. N\u00e3o ser\u00e1 poss\u00edvel, ent\u00e3o, realizar qualquer tipo de evento que venha a gerar aglomera\u00e7\u00f5es nos munic\u00edpios cearenses, enquanto a curva de cont\u00e1gio da Covid-19 estiver em alta.<\/p>\n\n\n\n<figure class=\"wp-block-gallery columns-1 is-cropped wp-block-gallery-1 is-layout-flex wp-block-gallery-is-layout-flex\"><ul class=\"blocks-gallery-grid\"><li class=\"blocks-gallery-item\"><figure><img loading=\"lazy\" decoding=\"async\" width=\"676\" height=\"454\" src=\"http:\/\/blogdorogeriogomes.com.br\/wp-content\/uploads\/2020\/04\/images-3-2.jpeg\" alt=\"\" data-id=\"16396\" data-full-url=\"http:\/\/blogdorogeriogomes.com.br\/wp-content\/uploads\/2020\/04\/images-3-2.jpeg\" data-link=\"http:\/\/blogdorogeriogomes.com.br\/?attachment_id=16396\" class=\"wp-image-16396\" srcset=\"https:\/\/blogdorogeriogomes.com.br\/noticias\/wp-content\/uploads\/2020\/04\/images-3-2.jpeg 676w, https:\/\/blogdorogeriogomes.com.br\/noticias\/wp-content\/uploads\/2020\/04\/images-3-2-300x201.jpeg 300w\" sizes=\"auto, (max-width: 676px) 100vw, 676px\" \/><\/figure><\/li><\/ul><\/figure>\n","protected":false},"excerpt":{"rendered":"<p>Diante do agravamento da pandemia do coronav\u00edrus no Estado, a Secretaria da Cultura do Cear\u00e1 anunciou o cancelamento do XXII edital Cear\u00e1 Junino. Lan\u00e7ado em 5 de fevereiro deste ano, o documento abria a possibilidade para que quadrilhas juninas pudessem se apresentar em diferentes polos da festa no Estado. A partir de agora, todas as a\u00e7\u00f5es previstas no edital est\u00e3o canceladas para o exerc\u00edcio neste ano, n\u00e3o tendo qualquer efic\u00e1cia as inscri\u00e7\u00f5es realizadas at\u00e9 o dia 15 de abril.&hellip;<\/p>\n","protected":false},"author":1,"featured_media":16396,"comment_status":"open","ping_status":"open","sticky":false,"template":"","format":"standard","meta":{"footnotes":""},"categories":[1],"tags":[],"class_list":["post-16395","post","type-post","status-publish","format-standard","has-post-thumbnail","hentry","category-noticias"],"_links":{"self":[{"href":"https:\/\/blogdorogeriogomes.com.br\/noticias\/wp-json\/wp\/v2\/posts\/16395","targetHints":{"allow":["GET"]}}],"collection":[{"href":"https:\/\/blogdorogeriogomes.com.br\/noticias\/wp-json\/wp\/v2\/posts"}],"about":[{"href":"https:\/\/blogdorogeriogomes.com.br\/noticias\/wp-json\/wp\/v2\/types\/post"}],"author":[{"embeddable":true,"href":"https:\/\/blogdorogeriogomes.com.br\/noticias\/wp-json\/wp\/v2\/users\/1"}],"replies":[{"embeddable":true,"href":"https:\/\/blogdorogeriogomes.com.br\/noticias\/wp-json\/wp\/v2\/comments?post=16395"}],"version-history":[{"count":1,"href":"https:\/\/blogdorogeriogomes.com.br\/noticias\/wp-json\/wp\/v2\/posts\/16395\/revisions"}],"predecessor-version":[{"id":16397,"href":"https:\/\/blogdorogeriogomes.com.br\/noticias\/wp-json\/wp\/v2\/posts\/16395\/revisions\/16397"}],"wp:featuredmedia":[{"embeddable":true,"href":"https:\/\/blogdorogeriogomes.com.br\/noticias\/wp-json\/wp\/v2\/media\/16396"}],"wp:attachment":[{"href":"https:\/\/blogdorogeriogomes.com.br\/noticias\/wp-json\/wp\/v2\/media?parent=16395"}],"wp:term":[{"taxonomy":"category","embeddable":true,"href":"https:\/\/blogdorogeriogomes.com.br\/noticias\/wp-json\/wp\/v2\/categories?post=16395"},{"taxonomy":"post_tag","embeddable":true,"href":"https:\/\/blogdorogeriogomes.com.br\/noticias\/wp-json\/wp\/v2\/tags?post=16395"}],"curies":[{"name":"wp","href":"https:\/\/api.w.org\/{rel}","templated":true}]}}