{"id":16398,"date":"2020-04-21T19:53:16","date_gmt":"2020-04-21T19:53:16","guid":{"rendered":"http:\/\/blogdorogeriogomes.com.br\/?p=16398"},"modified":"2020-04-22T13:37:44","modified_gmt":"2020-04-22T13:37:44","slug":"ministro-do-stf-autoriza-abertura-de-inquerito-para-investigar-manifestacoes-que-defendiam-ditadura-e-fechamento-do-congresso","status":"publish","type":"post","link":"https:\/\/blogdorogeriogomes.com.br\/noticias\/2020\/04\/ministro-do-stf-autoriza-abertura-de-inquerito-para-investigar-manifestacoes-que-defendiam-ditadura-e-fechamento-do-congresso\/","title":{"rendered":"Ministro do STF autoriza abertura de inqu\u00e9rito para investigar manifesta\u00e7\u00f5es que defendiam ditadura e fechamento do Congresso"},"content":{"rendered":"\n<p>O ministro Alexandre de Moraes, do Supremo Tribunal Federal (STF), autorizou a abertura de inqu\u00e9rito para investigar as manifesta\u00e7\u00f5es realizadas no \u00faltimo domingo, dia 19 de abril, que pediam a volta da ditadura militar, fechamento do Congresso Nacional e do pr\u00f3prio STF. O pedido de investiga\u00e7\u00e3o foi feito na segunda-feira, dia 20, pelo procurador-geral da Rep\u00fablica, Augusto Aras, pelo fato do objeto das manifesta\u00e7\u00f5es ferir o que diz a Constitui\u00e7\u00e3o Federal.<\/p>\n\n\n\n<figure class=\"wp-block-gallery columns-1 is-cropped wp-block-gallery-1 is-layout-flex wp-block-gallery-is-layout-flex\"><ul class=\"blocks-gallery-grid\"><li class=\"blocks-gallery-item\"><figure><img loading=\"lazy\" decoding=\"async\" width=\"450\" height=\"337\" src=\"http:\/\/blogdorogeriogomes.com.br\/wp-content\/uploads\/2020\/04\/images-4-1.jpeg\" alt=\"\" data-id=\"16399\" data-full-url=\"http:\/\/blogdorogeriogomes.com.br\/wp-content\/uploads\/2020\/04\/images-4-1.jpeg\" data-link=\"http:\/\/blogdorogeriogomes.com.br\/?attachment_id=16399\" class=\"wp-image-16399\" srcset=\"https:\/\/blogdorogeriogomes.com.br\/noticias\/wp-content\/uploads\/2020\/04\/images-4-1.jpeg 450w, https:\/\/blogdorogeriogomes.com.br\/noticias\/wp-content\/uploads\/2020\/04\/images-4-1-300x225.jpeg 300w, https:\/\/blogdorogeriogomes.com.br\/noticias\/wp-content\/uploads\/2020\/04\/images-4-1-400x300.jpeg 400w\" sizes=\"auto, (max-width: 450px) 100vw, 450px\" \/><\/figure><\/li><\/ul><\/figure>\n\n\n\n<p>O objetivo de Augusto Aras \u00e9 apurar poss\u00edvel viola\u00e7\u00e3o da Lei de Seguran\u00e7a Nacional por &#8220;atos contra o regime da democracia brasileira por v\u00e1rios cidad\u00e3os, inclusive deputados federais, o que justifica a compet\u00eancia do STF&#8221;.<\/p>\n\n\n\n<p>\u201cO Estado brasileiro admite \u00fanica ideologia que \u00e9 a do regime da democracia participativa. Qualquer atentado \u00e0 democracia afronta a Constitui\u00e7\u00e3o e a Lei de Seguran\u00e7a Nacional\u201d, afirmou o procurador-geral, sem citar o presidente Jair Bolsonaro, que tamb\u00e9m participou de ato em Bras\u00edlia, onde discursou para os apoiadores no evento.<\/p>\n\n\n\n<p>A Procuradoria-Geral da Rep\u00fablica justificou a n\u00e3o inclus\u00e3o do presidente Bolsonaro no inqu\u00e9rito que investiga os atos antidemocr\u00e1ticos de domingo com a explica\u00e7\u00e3o de que ele apenas &#8220;participou&#8221;. S\u00f3 resta lembrar que Jair Bolsonaro n\u00e3o \u00e9 apenas um cidad\u00e3o comum no meio do protesto. Trata-se do Presidente da Rep\u00fablica e precisa responder pelos seus atos como tal.<\/p>\n","protected":false},"excerpt":{"rendered":"<p>O ministro Alexandre de Moraes, do Supremo Tribunal Federal (STF), autorizou a abertura de inqu\u00e9rito para investigar as manifesta\u00e7\u00f5es realizadas no \u00faltimo domingo, dia 19 de abril, que pediam a volta da ditadura militar, fechamento do Congresso Nacional e do pr\u00f3prio STF. O pedido de investiga\u00e7\u00e3o foi feito na segunda-feira, dia 20, pelo procurador-geral da Rep\u00fablica, Augusto Aras, pelo fato do objeto das manifesta\u00e7\u00f5es ferir o que diz a Constitui\u00e7\u00e3o Federal. O objetivo de Augusto Aras \u00e9 apurar poss\u00edvel&hellip;<\/p>\n","protected":false},"author":1,"featured_media":16399,"comment_status":"open","ping_status":"open","sticky":false,"template":"","format":"standard","meta":{"footnotes":""},"categories":[1],"tags":[],"class_list":["post-16398","post","type-post","status-publish","format-standard","has-post-thumbnail","hentry","category-noticias"],"_links":{"self":[{"href":"https:\/\/blogdorogeriogomes.com.br\/noticias\/wp-json\/wp\/v2\/posts\/16398","targetHints":{"allow":["GET"]}}],"collection":[{"href":"https:\/\/blogdorogeriogomes.com.br\/noticias\/wp-json\/wp\/v2\/posts"}],"about":[{"href":"https:\/\/blogdorogeriogomes.com.br\/noticias\/wp-json\/wp\/v2\/types\/post"}],"author":[{"embeddable":true,"href":"https:\/\/blogdorogeriogomes.com.br\/noticias\/wp-json\/wp\/v2\/users\/1"}],"replies":[{"embeddable":true,"href":"https:\/\/blogdorogeriogomes.com.br\/noticias\/wp-json\/wp\/v2\/comments?post=16398"}],"version-history":[{"count":2,"href":"https:\/\/blogdorogeriogomes.com.br\/noticias\/wp-json\/wp\/v2\/posts\/16398\/revisions"}],"predecessor-version":[{"id":16401,"href":"https:\/\/blogdorogeriogomes.com.br\/noticias\/wp-json\/wp\/v2\/posts\/16398\/revisions\/16401"}],"wp:featuredmedia":[{"embeddable":true,"href":"https:\/\/blogdorogeriogomes.com.br\/noticias\/wp-json\/wp\/v2\/media\/16399"}],"wp:attachment":[{"href":"https:\/\/blogdorogeriogomes.com.br\/noticias\/wp-json\/wp\/v2\/media?parent=16398"}],"wp:term":[{"taxonomy":"category","embeddable":true,"href":"https:\/\/blogdorogeriogomes.com.br\/noticias\/wp-json\/wp\/v2\/categories?post=16398"},{"taxonomy":"post_tag","embeddable":true,"href":"https:\/\/blogdorogeriogomes.com.br\/noticias\/wp-json\/wp\/v2\/tags?post=16398"}],"curies":[{"name":"wp","href":"https:\/\/api.w.org\/{rel}","templated":true}]}}