{"id":16402,"date":"2020-04-22T11:52:37","date_gmt":"2020-04-22T11:52:37","guid":{"rendered":"http:\/\/blogdorogeriogomes.com.br\/?p=16402"},"modified":"2020-04-22T13:37:27","modified_gmt":"2020-04-22T13:37:27","slug":"nucleo-formado-por-governo-estadual-e-iniciativa-privada-vai-comecar-a-discutir-um-plano-de-retomada-economica-para-quando-a-pandemia-recuar","status":"publish","type":"post","link":"https:\/\/blogdorogeriogomes.com.br\/noticias\/2020\/04\/nucleo-formado-por-governo-estadual-e-iniciativa-privada-vai-comecar-a-discutir-um-plano-de-retomada-economica-para-quando-a-pandemia-recuar\/","title":{"rendered":"N\u00facleo formado por Governo Estadual e iniciativa privada vai come\u00e7ar a discutir um plano de retomada econ\u00f4mica para quando a pandemia recuar"},"content":{"rendered":"\n<p>Autoridades de sa\u00fade acompanham ainda a chegada do pico de cont\u00e1gio da Covid-19 no Cear\u00e1. A expectativa \u00e9 que isso ocorra em maio. O isolamento social \u00e9 necess\u00e1rio para evitar que um n\u00famero elevado de pessoas contaminadas procure, ao mesmo tempo, o sistema p\u00fablico de sa\u00fade. O Cear\u00e1 j\u00e1 est\u00e1 com dificuldades na oferta de leitos para pacientes que precisam de UTI.<\/p>\n\n\n\n<p>Mas h\u00e1 uma press\u00e3o do setor produtivo sobre a retomada da economia. A expectativa \u00e9 que ainda esta semana, seja formado um n\u00facleo com secret\u00e1rios estaduais, representantes da Prefeitura de Fortaleza, membros do Minist\u00e9rio P\u00fablico, OAB Cear\u00e1, Associa\u00e7\u00e3o de Prefeitos do Cear\u00e1 (Aprece), Fecom\u00e9rcio, Federa\u00e7\u00e3o das Ind\u00fastrias do Estado (Fiec), Procuradoria-Geral do Estado (PGE) e C\u00e2mara dos Dirigentes Lojistas (CDL) para discutir um plano de retomada econ\u00f4mica, quando a curva de cont\u00e1gio do coronav\u00edrus entrar em queda.<\/p>\n\n\n\n<figure class=\"wp-block-gallery columns-1 is-cropped wp-block-gallery-1 is-layout-flex wp-block-gallery-is-layout-flex\"><ul class=\"blocks-gallery-grid\"><li class=\"blocks-gallery-item\"><figure><img loading=\"lazy\" decoding=\"async\" width=\"696\" height=\"390\" src=\"http:\/\/blogdorogeriogomes.com.br\/wp-content\/uploads\/2020\/04\/images-5-2.jpeg\" alt=\"\" data-id=\"16403\" data-full-url=\"http:\/\/blogdorogeriogomes.com.br\/wp-content\/uploads\/2020\/04\/images-5-2.jpeg\" data-link=\"http:\/\/blogdorogeriogomes.com.br\/?attachment_id=16403\" class=\"wp-image-16403\" srcset=\"https:\/\/blogdorogeriogomes.com.br\/noticias\/wp-content\/uploads\/2020\/04\/images-5-2.jpeg 696w, https:\/\/blogdorogeriogomes.com.br\/noticias\/wp-content\/uploads\/2020\/04\/images-5-2-300x168.jpeg 300w\" sizes=\"auto, (max-width: 696px) 100vw, 696px\" \/><\/figure><\/li><\/ul><\/figure>\n\n\n\n<p>Em entrevista ao O POVO, o governador Camilo Santana ressaltou que a comiss\u00e3o subsidiar\u00e1 todas as decis\u00f5es &#8220;para que, com muita responsabilidade, protegendo toda a popula\u00e7\u00e3o, a gente possa construir um plano de retomada e de sa\u00edda&#8221; da crise causada pelo novo coronav\u00edrus, que j\u00e1 matou 221 pessoas e contaminou outras 3.682 apenas no Cear\u00e1.<\/p>\n\n\n\n<p>Nesta ter\u00e7a-feira, dia 21 de abril, Camilo Santana anunciou que&nbsp;o Governo do Cear\u00e1 abriu em um m\u00eas 306 leitos de Unidade de Terapia Intensiva (UTI) exclusivos para atender pacientes infectados pelo coronav\u00edrus. \u201cN\u00f3s j\u00e1 implantamos mais de 300 novas UTIs no sistema p\u00fablico estadual de sa\u00fade. Est\u00e1vamos chegando no limite da capacidade, principalmente em Fortaleza, onde concentra a maioria dos casos, e nos \u00faltimos cinco dias implantamos 53 novos leitos. Hoje, amanhecemos o dia com 75% de ocupa\u00e7\u00e3o dos leitos de UTI aqui na capital e j\u00e1 estamos com uma perspectiva de implantar mais 16 leitos amanh\u00e3 em Fortaleza e 14 no interior\u201d, disse o governador do Cear\u00e1.<\/p>\n","protected":false},"excerpt":{"rendered":"<p>Autoridades de sa\u00fade acompanham ainda a chegada do pico de cont\u00e1gio da Covid-19 no Cear\u00e1. A expectativa \u00e9 que isso ocorra em maio. O isolamento social \u00e9 necess\u00e1rio para evitar que um n\u00famero elevado de pessoas contaminadas procure, ao mesmo tempo, o sistema p\u00fablico de sa\u00fade. O Cear\u00e1 j\u00e1 est\u00e1 com dificuldades na oferta de leitos para pacientes que precisam de UTI. Mas h\u00e1 uma press\u00e3o do setor produtivo sobre a retomada da economia. A expectativa \u00e9 que ainda&hellip;<\/p>\n","protected":false},"author":1,"featured_media":16403,"comment_status":"open","ping_status":"open","sticky":false,"template":"","format":"standard","meta":{"footnotes":""},"categories":[1],"tags":[],"class_list":["post-16402","post","type-post","status-publish","format-standard","has-post-thumbnail","hentry","category-noticias"],"_links":{"self":[{"href":"https:\/\/blogdorogeriogomes.com.br\/noticias\/wp-json\/wp\/v2\/posts\/16402","targetHints":{"allow":["GET"]}}],"collection":[{"href":"https:\/\/blogdorogeriogomes.com.br\/noticias\/wp-json\/wp\/v2\/posts"}],"about":[{"href":"https:\/\/blogdorogeriogomes.com.br\/noticias\/wp-json\/wp\/v2\/types\/post"}],"author":[{"embeddable":true,"href":"https:\/\/blogdorogeriogomes.com.br\/noticias\/wp-json\/wp\/v2\/users\/1"}],"replies":[{"embeddable":true,"href":"https:\/\/blogdorogeriogomes.com.br\/noticias\/wp-json\/wp\/v2\/comments?post=16402"}],"version-history":[{"count":2,"href":"https:\/\/blogdorogeriogomes.com.br\/noticias\/wp-json\/wp\/v2\/posts\/16402\/revisions"}],"predecessor-version":[{"id":16408,"href":"https:\/\/blogdorogeriogomes.com.br\/noticias\/wp-json\/wp\/v2\/posts\/16402\/revisions\/16408"}],"wp:featuredmedia":[{"embeddable":true,"href":"https:\/\/blogdorogeriogomes.com.br\/noticias\/wp-json\/wp\/v2\/media\/16403"}],"wp:attachment":[{"href":"https:\/\/blogdorogeriogomes.com.br\/noticias\/wp-json\/wp\/v2\/media?parent=16402"}],"wp:term":[{"taxonomy":"category","embeddable":true,"href":"https:\/\/blogdorogeriogomes.com.br\/noticias\/wp-json\/wp\/v2\/categories?post=16402"},{"taxonomy":"post_tag","embeddable":true,"href":"https:\/\/blogdorogeriogomes.com.br\/noticias\/wp-json\/wp\/v2\/tags?post=16402"}],"curies":[{"name":"wp","href":"https:\/\/api.w.org\/{rel}","templated":true}]}}