{"id":16411,"date":"2020-04-22T17:41:04","date_gmt":"2020-04-22T17:41:04","guid":{"rendered":"http:\/\/blogdorogeriogomes.com.br\/?p=16411"},"modified":"2020-04-23T12:09:50","modified_gmt":"2020-04-23T12:09:50","slug":"prefeitura-de-fortaleza-retira-projeto-de-votacao-na-camara-municipal-que-endurecia-punicao-a-comerciantes-que-nao-respeitassem-a-quarentena","status":"publish","type":"post","link":"https:\/\/blogdorogeriogomes.com.br\/noticias\/2020\/04\/prefeitura-de-fortaleza-retira-projeto-de-votacao-na-camara-municipal-que-endurecia-punicao-a-comerciantes-que-nao-respeitassem-a-quarentena\/","title":{"rendered":"Prefeitura de Fortaleza retira projeto de vota\u00e7\u00e3o na C\u00e2mara Municipal que endurecia puni\u00e7\u00e3o a comerciantes que n\u00e3o respeitassem a quarentena"},"content":{"rendered":"\n<p>A Prefeitura de Fortaleza pediu para retirar da pauta de vota\u00e7\u00e3o desta quarta-feira, dia 22 de abril, na C\u00e2mara Municipal, o projeto de lei complementar que tinha enviado, prevendo san\u00e7\u00f5es para quem descumprir o isolamento social na Capital. A proposta foi retirada de pauta pelo l\u00edder do Governo na C\u00e2mara, \u00c9sio Feitosa, ap\u00f3s reivindica\u00e7\u00f5es de setores do com\u00e9rcio de Fortaleza. O Executivo deve reavaliar uma forma de fazer com que os pequenos comerciantes respeitem o isolamento social e cumpram o que determina o decreto de quarentena.<\/p>\n\n\n\n<p>O projeto, que endurecia as puni\u00e7\u00f5es, foi protocolado na C\u00e2mara dos Vereadores de Fortaleza, no \u00faltimo dia 15, e causou pol\u00eamica, inclusive entre a base aliada do prefeito Roberto Cl\u00e1udio. De um lado, h\u00e1 a necessidade de cumprimento das regras de distanciamento, mas muitos temem preju\u00edzos para o pequeno comerciante e acreditam que n\u00e3o seria o momento para aplicar puni\u00e7\u00f5es.<\/p>\n\n\n\n<figure class=\"wp-block-gallery columns-1 is-cropped wp-block-gallery-1 is-layout-flex wp-block-gallery-is-layout-flex\"><ul class=\"blocks-gallery-grid\"><li class=\"blocks-gallery-item\"><figure><img loading=\"lazy\" decoding=\"async\" width=\"680\" height=\"451\" src=\"http:\/\/blogdorogeriogomes.com.br\/wp-content\/uploads\/2020\/04\/images-9-2.jpeg\" alt=\"\" data-id=\"16412\" data-full-url=\"http:\/\/blogdorogeriogomes.com.br\/wp-content\/uploads\/2020\/04\/images-9-2.jpeg\" data-link=\"http:\/\/blogdorogeriogomes.com.br\/?attachment_id=16412\" class=\"wp-image-16412\" srcset=\"https:\/\/blogdorogeriogomes.com.br\/noticias\/wp-content\/uploads\/2020\/04\/images-9-2.jpeg 680w, https:\/\/blogdorogeriogomes.com.br\/noticias\/wp-content\/uploads\/2020\/04\/images-9-2-300x199.jpeg 300w\" sizes=\"auto, (max-width: 680px) 100vw, 680px\" \/><\/figure><\/li><\/ul><\/figure>\n\n\n\n<p>De acordo com o projeto, estabelecimentos comerciais poderiam ter cassados os alvar\u00e1s e licen\u00e7as, al\u00e9m de receber multas e fechamento, bem como apreens\u00e3o de mercadorias.&nbsp;<\/p>\n","protected":false},"excerpt":{"rendered":"<p>A Prefeitura de Fortaleza pediu para retirar da pauta de vota\u00e7\u00e3o desta quarta-feira, dia 22 de abril, na C\u00e2mara Municipal, o projeto de lei complementar que tinha enviado, prevendo san\u00e7\u00f5es para quem descumprir o isolamento social na Capital. A proposta foi retirada de pauta pelo l\u00edder do Governo na C\u00e2mara, \u00c9sio Feitosa, ap\u00f3s reivindica\u00e7\u00f5es de setores do com\u00e9rcio de Fortaleza. O Executivo deve reavaliar uma forma de fazer com que os pequenos comerciantes respeitem o isolamento social e cumpram&hellip;<\/p>\n","protected":false},"author":1,"featured_media":16412,"comment_status":"open","ping_status":"open","sticky":false,"template":"","format":"standard","meta":{"footnotes":""},"categories":[1],"tags":[],"class_list":["post-16411","post","type-post","status-publish","format-standard","has-post-thumbnail","hentry","category-noticias"],"_links":{"self":[{"href":"https:\/\/blogdorogeriogomes.com.br\/noticias\/wp-json\/wp\/v2\/posts\/16411","targetHints":{"allow":["GET"]}}],"collection":[{"href":"https:\/\/blogdorogeriogomes.com.br\/noticias\/wp-json\/wp\/v2\/posts"}],"about":[{"href":"https:\/\/blogdorogeriogomes.com.br\/noticias\/wp-json\/wp\/v2\/types\/post"}],"author":[{"embeddable":true,"href":"https:\/\/blogdorogeriogomes.com.br\/noticias\/wp-json\/wp\/v2\/users\/1"}],"replies":[{"embeddable":true,"href":"https:\/\/blogdorogeriogomes.com.br\/noticias\/wp-json\/wp\/v2\/comments?post=16411"}],"version-history":[{"count":2,"href":"https:\/\/blogdorogeriogomes.com.br\/noticias\/wp-json\/wp\/v2\/posts\/16411\/revisions"}],"predecessor-version":[{"id":16426,"href":"https:\/\/blogdorogeriogomes.com.br\/noticias\/wp-json\/wp\/v2\/posts\/16411\/revisions\/16426"}],"wp:featuredmedia":[{"embeddable":true,"href":"https:\/\/blogdorogeriogomes.com.br\/noticias\/wp-json\/wp\/v2\/media\/16412"}],"wp:attachment":[{"href":"https:\/\/blogdorogeriogomes.com.br\/noticias\/wp-json\/wp\/v2\/media?parent=16411"}],"wp:term":[{"taxonomy":"category","embeddable":true,"href":"https:\/\/blogdorogeriogomes.com.br\/noticias\/wp-json\/wp\/v2\/categories?post=16411"},{"taxonomy":"post_tag","embeddable":true,"href":"https:\/\/blogdorogeriogomes.com.br\/noticias\/wp-json\/wp\/v2\/tags?post=16411"}],"curies":[{"name":"wp","href":"https:\/\/api.w.org\/{rel}","templated":true}]}}