{"id":16414,"date":"2020-04-22T20:39:06","date_gmt":"2020-04-22T20:39:06","guid":{"rendered":"http:\/\/blogdorogeriogomes.com.br\/?p=16414"},"modified":"2020-04-23T11:56:30","modified_gmt":"2020-04-23T11:56:30","slug":"ceara-passa-de-quatro-mil-infectados-por-covid-19-em-110-municipios-numero-de-mortes-e-de-239","status":"publish","type":"post","link":"https:\/\/blogdorogeriogomes.com.br\/noticias\/2020\/04\/ceara-passa-de-quatro-mil-infectados-por-covid-19-em-110-municipios-numero-de-mortes-e-de-239\/","title":{"rendered":"Cear\u00e1 passa de quatro mil infectados por Covid-19 em 110 munic\u00edpios. N\u00famero de mortes \u00e9 de 239"},"content":{"rendered":"\n<p>O Cear\u00e1 alcan\u00e7ou a marca de 4.115 pessoas contaminadas e 239 mortes por Covid-19 at\u00e9 o fim da tarde desta quarta-feira, dia 22 de abril.&nbsp;De acordo o boletim da Secretaria de Sa\u00fade do Cear\u00e1, o n\u00famero de munic\u00edpios com registros da doen\u00e7a subiu de 104 para 110. Fortaleza lidera com 3.302 casos confirmados e 191 \u00f3bitos.<\/p>\n\n\n\n<p>O n\u00famero de infectados no Brasil chegou a&nbsp;45.757.&nbsp;S\u00e3o&nbsp;2.906 mortes pela doen\u00e7a, segundo dados divulgados pelo Minist\u00e9rio da Sa\u00fade. E doen\u00e7a avan\u00e7a no Nordeste. O n\u00famero de casos confirmados na regi\u00e3o j\u00e1 \u00e9 equivalente a quase a metade das notifica\u00e7\u00f5es no Sudeste. Os nove estados nordestinos possuem 11.969 casos confirmados. Isso representa 26,2% do total registrado no Brasil. J\u00e1 o Sudeste segue liderando com 24.062 notifica\u00e7\u00f5es, ou seja, 52,6% dos casos no Pa\u00eds.<\/p>\n\n\n\n<figure class=\"wp-block-gallery columns-1 is-cropped wp-block-gallery-1 is-layout-flex wp-block-gallery-is-layout-flex\"><ul class=\"blocks-gallery-grid\"><li class=\"blocks-gallery-item\"><figure><img loading=\"lazy\" decoding=\"async\" width=\"800\" height=\"529\" src=\"http:\/\/blogdorogeriogomes.com.br\/wp-content\/uploads\/2020\/04\/Parana-chega-a-30-mortes-pela-Covid-19-e-750-casos0298628300202004121803-sm.jpg\" alt=\"\" data-id=\"16415\" data-full-url=\"http:\/\/blogdorogeriogomes.com.br\/wp-content\/uploads\/2020\/04\/Parana-chega-a-30-mortes-pela-Covid-19-e-750-casos0298628300202004121803-sm.jpg\" data-link=\"http:\/\/blogdorogeriogomes.com.br\/?attachment_id=16415\" class=\"wp-image-16415\" srcset=\"https:\/\/blogdorogeriogomes.com.br\/noticias\/wp-content\/uploads\/2020\/04\/Parana-chega-a-30-mortes-pela-Covid-19-e-750-casos0298628300202004121803-sm.jpg 800w, https:\/\/blogdorogeriogomes.com.br\/noticias\/wp-content\/uploads\/2020\/04\/Parana-chega-a-30-mortes-pela-Covid-19-e-750-casos0298628300202004121803-sm-300x198.jpg 300w, https:\/\/blogdorogeriogomes.com.br\/noticias\/wp-content\/uploads\/2020\/04\/Parana-chega-a-30-mortes-pela-Covid-19-e-750-casos0298628300202004121803-sm-768x508.jpg 768w\" sizes=\"auto, (max-width: 800px) 100vw, 800px\" \/><\/figure><\/li><\/ul><\/figure>\n","protected":false},"excerpt":{"rendered":"<p>O Cear\u00e1 alcan\u00e7ou a marca de 4.115 pessoas contaminadas e 239 mortes por Covid-19 at\u00e9 o fim da tarde desta quarta-feira, dia 22 de abril.&nbsp;De acordo o boletim da Secretaria de Sa\u00fade do Cear\u00e1, o n\u00famero de munic\u00edpios com registros da doen\u00e7a subiu de 104 para 110. Fortaleza lidera com 3.302 casos confirmados e 191 \u00f3bitos. O n\u00famero de infectados no Brasil chegou a&nbsp;45.757.&nbsp;S\u00e3o&nbsp;2.906 mortes pela doen\u00e7a, segundo dados divulgados pelo Minist\u00e9rio da Sa\u00fade. E doen\u00e7a avan\u00e7a no Nordeste.&hellip;<\/p>\n","protected":false},"author":1,"featured_media":16415,"comment_status":"open","ping_status":"open","sticky":false,"template":"","format":"standard","meta":{"footnotes":""},"categories":[1],"tags":[],"class_list":["post-16414","post","type-post","status-publish","format-standard","has-post-thumbnail","hentry","category-noticias"],"_links":{"self":[{"href":"https:\/\/blogdorogeriogomes.com.br\/noticias\/wp-json\/wp\/v2\/posts\/16414","targetHints":{"allow":["GET"]}}],"collection":[{"href":"https:\/\/blogdorogeriogomes.com.br\/noticias\/wp-json\/wp\/v2\/posts"}],"about":[{"href":"https:\/\/blogdorogeriogomes.com.br\/noticias\/wp-json\/wp\/v2\/types\/post"}],"author":[{"embeddable":true,"href":"https:\/\/blogdorogeriogomes.com.br\/noticias\/wp-json\/wp\/v2\/users\/1"}],"replies":[{"embeddable":true,"href":"https:\/\/blogdorogeriogomes.com.br\/noticias\/wp-json\/wp\/v2\/comments?post=16414"}],"version-history":[{"count":2,"href":"https:\/\/blogdorogeriogomes.com.br\/noticias\/wp-json\/wp\/v2\/posts\/16414\/revisions"}],"predecessor-version":[{"id":16425,"href":"https:\/\/blogdorogeriogomes.com.br\/noticias\/wp-json\/wp\/v2\/posts\/16414\/revisions\/16425"}],"wp:featuredmedia":[{"embeddable":true,"href":"https:\/\/blogdorogeriogomes.com.br\/noticias\/wp-json\/wp\/v2\/media\/16415"}],"wp:attachment":[{"href":"https:\/\/blogdorogeriogomes.com.br\/noticias\/wp-json\/wp\/v2\/media?parent=16414"}],"wp:term":[{"taxonomy":"category","embeddable":true,"href":"https:\/\/blogdorogeriogomes.com.br\/noticias\/wp-json\/wp\/v2\/categories?post=16414"},{"taxonomy":"post_tag","embeddable":true,"href":"https:\/\/blogdorogeriogomes.com.br\/noticias\/wp-json\/wp\/v2\/tags?post=16414"}],"curies":[{"name":"wp","href":"https:\/\/api.w.org\/{rel}","templated":true}]}}