{"id":16417,"date":"2020-04-23T11:09:35","date_gmt":"2020-04-23T11:09:35","guid":{"rendered":"http:\/\/blogdorogeriogomes.com.br\/?p=16417"},"modified":"2020-04-23T11:56:20","modified_gmt":"2020-04-23T11:56:20","slug":"governo-federal-recua-da-antecipacao-da-segunda-parcela-do-auxilio-emergencial-que-seria-feita-nesta-quinta-feira","status":"publish","type":"post","link":"https:\/\/blogdorogeriogomes.com.br\/noticias\/2020\/04\/governo-federal-recua-da-antecipacao-da-segunda-parcela-do-auxilio-emergencial-que-seria-feita-nesta-quinta-feira\/","title":{"rendered":"Governo Federal recua da antecipa\u00e7\u00e3o da segunda parcela do aux\u00edlio emergencial, que seria feita nesta quinta-feira"},"content":{"rendered":"\n<p>O Governo Federal recuou com a proposta de antecipar a segunda parcela do aux\u00edlio emergencial de R$ 600. Segundo nota do Minist\u00e9rio da Cidadania, divulgada na noite desta quarta-feira, dia 22 de abril, faltam recursos do or\u00e7amento para fazer antecipa\u00e7\u00e3o do benef\u00edcio e que \u00e9 preciso solicitar um cr\u00e9dito suplementar.&nbsp;O pagamento come\u00e7aria a ser feito nesta quinta-feira, dia 23.<\/p>\n\n\n\n<figure class=\"wp-block-gallery columns-1 is-cropped wp-block-gallery-1 is-layout-flex wp-block-gallery-is-layout-flex\"><ul class=\"blocks-gallery-grid\"><li class=\"blocks-gallery-item\"><figure><img loading=\"lazy\" decoding=\"async\" width=\"640\" height=\"480\" src=\"http:\/\/blogdorogeriogomes.com.br\/wp-content\/uploads\/2020\/04\/images-10-2.jpeg\" alt=\"\" data-id=\"16418\" data-full-url=\"http:\/\/blogdorogeriogomes.com.br\/wp-content\/uploads\/2020\/04\/images-10-2.jpeg\" data-link=\"http:\/\/blogdorogeriogomes.com.br\/?attachment_id=16418\" class=\"wp-image-16418\" srcset=\"https:\/\/blogdorogeriogomes.com.br\/noticias\/wp-content\/uploads\/2020\/04\/images-10-2.jpeg 640w, https:\/\/blogdorogeriogomes.com.br\/noticias\/wp-content\/uploads\/2020\/04\/images-10-2-300x225.jpeg 300w, https:\/\/blogdorogeriogomes.com.br\/noticias\/wp-content\/uploads\/2020\/04\/images-10-2-400x300.jpeg 400w\" sizes=\"auto, (max-width: 640px) 100vw, 640px\" \/><\/figure><\/li><\/ul><\/figure>\n\n\n\n<p>&#8220;Tanto o Minist\u00e9rio da Cidadania quanto a Caixa manifestaram seu desejo de antecipar o pagamento da segunda parcela. No entanto, devido ao alto n\u00famero de informais cadastrados e a determina\u00e7\u00e3o do governo em n\u00e3o deixar ningu\u00e9m para tr\u00e1s, todas as expectativas foram superadas e tornou-se imperativo solicitar cr\u00e9dito suplementar para poder completar o atendimento a todos. Cabe registrar que o recurso dispon\u00edvel para cada uma das tr\u00eas parcelas \u00e9 de R$ 32,7 bilh\u00f5es, j\u00e1 foram transferidos R$ 31,3 bilh\u00f5es, e ainda ser\u00e3o avaliados cerca de 12 milh\u00f5es de cadastros para a primeira parcela&#8221;, informa a nota.<\/p>\n\n\n\n<p>J\u00e1 os benefici\u00e1rios do INSS come\u00e7am a receber a primeira parcela do 13\u00ba sal\u00e1rio a partir desta sexta-feira, dia 24. O per\u00edodo para os dep\u00f3sitos vai do dia 24 de abril a 8 de maio, conforme a Tabela de Pagamento 2020 dispon\u00edvel no site do INSS. Al\u00e9m de pagar a primeira parte neste m\u00eas, o INSS vai antecipar a segunda parcela em maio. <\/p>\n\n\n\n<p><\/p>\n","protected":false},"excerpt":{"rendered":"<p>O Governo Federal recuou com a proposta de antecipar a segunda parcela do aux\u00edlio emergencial de R$ 600. Segundo nota do Minist\u00e9rio da Cidadania, divulgada na noite desta quarta-feira, dia 22 de abril, faltam recursos do or\u00e7amento para fazer antecipa\u00e7\u00e3o do benef\u00edcio e que \u00e9 preciso solicitar um cr\u00e9dito suplementar.&nbsp;O pagamento come\u00e7aria a ser feito nesta quinta-feira, dia 23. &#8220;Tanto o Minist\u00e9rio da Cidadania quanto a Caixa manifestaram seu desejo de antecipar o pagamento da segunda parcela. No entanto,&hellip;<\/p>\n","protected":false},"author":1,"featured_media":16418,"comment_status":"open","ping_status":"open","sticky":false,"template":"","format":"standard","meta":{"footnotes":""},"categories":[1],"tags":[],"class_list":["post-16417","post","type-post","status-publish","format-standard","has-post-thumbnail","hentry","category-noticias"],"_links":{"self":[{"href":"https:\/\/blogdorogeriogomes.com.br\/noticias\/wp-json\/wp\/v2\/posts\/16417","targetHints":{"allow":["GET"]}}],"collection":[{"href":"https:\/\/blogdorogeriogomes.com.br\/noticias\/wp-json\/wp\/v2\/posts"}],"about":[{"href":"https:\/\/blogdorogeriogomes.com.br\/noticias\/wp-json\/wp\/v2\/types\/post"}],"author":[{"embeddable":true,"href":"https:\/\/blogdorogeriogomes.com.br\/noticias\/wp-json\/wp\/v2\/users\/1"}],"replies":[{"embeddable":true,"href":"https:\/\/blogdorogeriogomes.com.br\/noticias\/wp-json\/wp\/v2\/comments?post=16417"}],"version-history":[{"count":2,"href":"https:\/\/blogdorogeriogomes.com.br\/noticias\/wp-json\/wp\/v2\/posts\/16417\/revisions"}],"predecessor-version":[{"id":16424,"href":"https:\/\/blogdorogeriogomes.com.br\/noticias\/wp-json\/wp\/v2\/posts\/16417\/revisions\/16424"}],"wp:featuredmedia":[{"embeddable":true,"href":"https:\/\/blogdorogeriogomes.com.br\/noticias\/wp-json\/wp\/v2\/media\/16418"}],"wp:attachment":[{"href":"https:\/\/blogdorogeriogomes.com.br\/noticias\/wp-json\/wp\/v2\/media?parent=16417"}],"wp:term":[{"taxonomy":"category","embeddable":true,"href":"https:\/\/blogdorogeriogomes.com.br\/noticias\/wp-json\/wp\/v2\/categories?post=16417"},{"taxonomy":"post_tag","embeddable":true,"href":"https:\/\/blogdorogeriogomes.com.br\/noticias\/wp-json\/wp\/v2\/tags?post=16417"}],"curies":[{"name":"wp","href":"https:\/\/api.w.org\/{rel}","templated":true}]}}