{"id":16427,"date":"2020-04-23T16:23:48","date_gmt":"2020-04-23T16:23:48","guid":{"rendered":"http:\/\/blogdorogeriogomes.com.br\/?p=16427"},"modified":"2020-04-24T12:40:19","modified_gmt":"2020-04-24T12:40:19","slug":"assembleia-legislativa-do-ceara-aprova-mecanismo-para-que-deputados-e-servidores-facam-doacoes-em-folha-para-combate-ao-coronavirus","status":"publish","type":"post","link":"https:\/\/blogdorogeriogomes.com.br\/noticias\/2020\/04\/assembleia-legislativa-do-ceara-aprova-mecanismo-para-que-deputados-e-servidores-facam-doacoes-em-folha-para-combate-ao-coronavirus\/","title":{"rendered":"Assembleia Legislativa do Cear\u00e1 aprova mecanismo para que deputados e servidores fa\u00e7am doa\u00e7\u00f5es em folha para combate ao coronav\u00edrus"},"content":{"rendered":"\n<p>Em sess\u00e3o remota, realizada nesta quinta-feira, dia 23 de abril, o presidente da Assembleia Legislativa do Cear\u00e1, Jos\u00e9 Sarto (PDT), anunciou que deputados, ex-deputados e servidores da Casa poder\u00e3o doar, de forma consignada em folha de pagamento, parte de seus sal\u00e1rios a a\u00e7\u00f5es de enfrentamento ao novo coronav\u00edrus. As doa\u00e7\u00f5es poder\u00e3o ajudar profissionais da sa\u00fade, aut\u00f4nomos, cooperados ou terceirizados que est\u00e3o na linha de frente da luta contra a doen\u00e7a e que tenham o sustento de suas fam\u00edlias comprometido por afastamento em raz\u00e3o de infec\u00e7\u00e3o por Covid-19.<\/p>\n\n\n\n<p>As doa\u00e7\u00f5es da Assembleia ser\u00e3o regulamentadas por meio de emenda \u00e0 mensagem 8.510\/20, que cria o Programa Estadual de Incentivo a Doa\u00e7\u00f5es para a Sa\u00fade para a\u00e7\u00f5es de preven\u00e7\u00e3o e combate \u00e0 Covid-19. A mensagem, de autoria do Executivo, cria o Programa Estadual de Incentivo a Doa\u00e7\u00f5es para a Sa\u00fade como pol\u00edtica de enfrentamento e redu\u00e7\u00e3o dos impactos causados pelo novo coronav\u00edrus no Cear\u00e1.<\/p>\n\n\n\n<p>O recurso doado pelo Parlamento ser\u00e1 gerenciado pela Secretaria Estadual da Sa\u00fade (Sesa) e controlado pelo Tribunal de Contas do Estado (TCE). \u201cEssa mat\u00e9ria possibilita que pessoas f\u00edsicas ou jur\u00eddicas possam contribuir para a Secretaria Estadual da Sa\u00fade, que pode usar esse recurso, inclusive na modalidade de abono, para aqueles profissionais de sa\u00fade, que est\u00e3o combatendo a Covid-19, que n\u00e3o t\u00eam v\u00ednculo trabalhista com o Estado, n\u00e3o s\u00e3o servidores concursados, ou n\u00e3o t\u00eam qualquer v\u00ednculo trabalhista, como cooperados e terceirizados, e que se acometem da doen\u00e7a, do Covid-19, e se afastam do trabalho e ficam sem nenhuma remunera\u00e7\u00e3o\u201d, explica.<\/p>\n\n\n\n<p><\/p>\n\n\n\n<p><\/p>\n\n\n\n<figure class=\"wp-block-gallery columns-1 is-cropped wp-block-gallery-1 is-layout-flex wp-block-gallery-is-layout-flex\"><ul class=\"blocks-gallery-grid\"><li class=\"blocks-gallery-item\"><figure><img loading=\"lazy\" decoding=\"async\" width=\"1024\" height=\"574\" src=\"http:\/\/blogdorogeriogomes.com.br\/wp-content\/uploads\/2020\/04\/IMG-20200423-WA0095-1024x574.jpg\" alt=\"\" data-id=\"16428\" data-full-url=\"http:\/\/blogdorogeriogomes.com.br\/wp-content\/uploads\/2020\/04\/IMG-20200423-WA0095.jpg\" data-link=\"http:\/\/blogdorogeriogomes.com.br\/?attachment_id=16428\" class=\"wp-image-16428\" srcset=\"https:\/\/blogdorogeriogomes.com.br\/noticias\/wp-content\/uploads\/2020\/04\/IMG-20200423-WA0095-1024x574.jpg 1024w, https:\/\/blogdorogeriogomes.com.br\/noticias\/wp-content\/uploads\/2020\/04\/IMG-20200423-WA0095-300x168.jpg 300w, https:\/\/blogdorogeriogomes.com.br\/noticias\/wp-content\/uploads\/2020\/04\/IMG-20200423-WA0095-768x431.jpg 768w, https:\/\/blogdorogeriogomes.com.br\/noticias\/wp-content\/uploads\/2020\/04\/IMG-20200423-WA0095-800x449.jpg 800w, https:\/\/blogdorogeriogomes.com.br\/noticias\/wp-content\/uploads\/2020\/04\/IMG-20200423-WA0095.jpg 1280w\" sizes=\"auto, (max-width: 1024px) 100vw, 1024px\" \/><\/figure><\/li><\/ul><\/figure>\n","protected":false},"excerpt":{"rendered":"<p>Em sess\u00e3o remota, realizada nesta quinta-feira, dia 23 de abril, o presidente da Assembleia Legislativa do Cear\u00e1, Jos\u00e9 Sarto (PDT), anunciou que deputados, ex-deputados e servidores da Casa poder\u00e3o doar, de forma consignada em folha de pagamento, parte de seus sal\u00e1rios a a\u00e7\u00f5es de enfrentamento ao novo coronav\u00edrus. As doa\u00e7\u00f5es poder\u00e3o ajudar profissionais da sa\u00fade, aut\u00f4nomos, cooperados ou terceirizados que est\u00e3o na linha de frente da luta contra a doen\u00e7a e que tenham o sustento de suas fam\u00edlias comprometido&hellip;<\/p>\n","protected":false},"author":1,"featured_media":16428,"comment_status":"open","ping_status":"open","sticky":false,"template":"","format":"standard","meta":{"footnotes":""},"categories":[1],"tags":[],"class_list":["post-16427","post","type-post","status-publish","format-standard","has-post-thumbnail","hentry","category-noticias"],"_links":{"self":[{"href":"https:\/\/blogdorogeriogomes.com.br\/noticias\/wp-json\/wp\/v2\/posts\/16427","targetHints":{"allow":["GET"]}}],"collection":[{"href":"https:\/\/blogdorogeriogomes.com.br\/noticias\/wp-json\/wp\/v2\/posts"}],"about":[{"href":"https:\/\/blogdorogeriogomes.com.br\/noticias\/wp-json\/wp\/v2\/types\/post"}],"author":[{"embeddable":true,"href":"https:\/\/blogdorogeriogomes.com.br\/noticias\/wp-json\/wp\/v2\/users\/1"}],"replies":[{"embeddable":true,"href":"https:\/\/blogdorogeriogomes.com.br\/noticias\/wp-json\/wp\/v2\/comments?post=16427"}],"version-history":[{"count":1,"href":"https:\/\/blogdorogeriogomes.com.br\/noticias\/wp-json\/wp\/v2\/posts\/16427\/revisions"}],"predecessor-version":[{"id":16429,"href":"https:\/\/blogdorogeriogomes.com.br\/noticias\/wp-json\/wp\/v2\/posts\/16427\/revisions\/16429"}],"wp:featuredmedia":[{"embeddable":true,"href":"https:\/\/blogdorogeriogomes.com.br\/noticias\/wp-json\/wp\/v2\/media\/16428"}],"wp:attachment":[{"href":"https:\/\/blogdorogeriogomes.com.br\/noticias\/wp-json\/wp\/v2\/media?parent=16427"}],"wp:term":[{"taxonomy":"category","embeddable":true,"href":"https:\/\/blogdorogeriogomes.com.br\/noticias\/wp-json\/wp\/v2\/categories?post=16427"},{"taxonomy":"post_tag","embeddable":true,"href":"https:\/\/blogdorogeriogomes.com.br\/noticias\/wp-json\/wp\/v2\/tags?post=16427"}],"curies":[{"name":"wp","href":"https:\/\/api.w.org\/{rel}","templated":true}]}}