{"id":16430,"date":"2020-04-23T20:51:58","date_gmt":"2020-04-23T20:51:58","guid":{"rendered":"http:\/\/blogdorogeriogomes.com.br\/?p=16430"},"modified":"2020-04-24T12:40:21","modified_gmt":"2020-04-24T12:40:21","slug":"numero-de-mortes-por-covid-19-no-ceara-sobe-para-266-no-brasil-os-obitos-crescem-para-3-313","status":"publish","type":"post","link":"https:\/\/blogdorogeriogomes.com.br\/noticias\/2020\/04\/numero-de-mortes-por-covid-19-no-ceara-sobe-para-266-no-brasil-os-obitos-crescem-para-3-313\/","title":{"rendered":"N\u00famero de mortes por Covid-19 no Cear\u00e1 sobe para 266. No Brasil, os \u00f3bitos crescem para 3.313"},"content":{"rendered":"\n<p>Boletim da Secretaria de Sa\u00fade do Cear\u00e1 divulgado no fim da tarde desta quinta-feira, dia 23 de abril, revelou que o n\u00famero de casos confirmados da Covid-19 no Estado subiu para 4.599. S\u00e3o 266 mortes no Cear\u00e1. Este \u00e9 o maior n\u00famero de mortos confirmados em 24 horas. A letalidade est\u00e1 em 5,8%. 116 munic\u00edpios j\u00e1 possuem registro da doen\u00e7a.<\/p>\n\n\n\n<p>No Brasil, o crescimento de mortes nas \u00faltimas 24 horas foi representativo. O Minist\u00e9rio da Sa\u00fade anunciou que subiu para 3.313 o n\u00famero de mortes confirmadas pelo novo coronav\u00edrus no Brasil. S\u00e3o 407 \u00f3bitos em 24 horas, maior n\u00famero registrado no per\u00edodo. No total, s\u00e3o 49.492 casos oficiais no Pa\u00eds.<\/p>\n\n\n\n<figure class=\"wp-block-gallery columns-1 is-cropped wp-block-gallery-1 is-layout-flex wp-block-gallery-is-layout-flex\"><ul class=\"blocks-gallery-grid\"><li class=\"blocks-gallery-item\"><figure><img loading=\"lazy\" decoding=\"async\" width=\"678\" height=\"452\" src=\"http:\/\/blogdorogeriogomes.com.br\/wp-content\/uploads\/2020\/04\/images-12-2.jpeg\" alt=\"\" data-id=\"16431\" data-full-url=\"http:\/\/blogdorogeriogomes.com.br\/wp-content\/uploads\/2020\/04\/images-12-2.jpeg\" data-link=\"http:\/\/blogdorogeriogomes.com.br\/?attachment_id=16431\" class=\"wp-image-16431\" srcset=\"https:\/\/blogdorogeriogomes.com.br\/noticias\/wp-content\/uploads\/2020\/04\/images-12-2.jpeg 678w, https:\/\/blogdorogeriogomes.com.br\/noticias\/wp-content\/uploads\/2020\/04\/images-12-2-300x200.jpeg 300w\" sizes=\"auto, (max-width: 678px) 100vw, 678px\" \/><\/figure><\/li><\/ul><\/figure>\n","protected":false},"excerpt":{"rendered":"<p>Boletim da Secretaria de Sa\u00fade do Cear\u00e1 divulgado no fim da tarde desta quinta-feira, dia 23 de abril, revelou que o n\u00famero de casos confirmados da Covid-19 no Estado subiu para 4.599. S\u00e3o 266 mortes no Cear\u00e1. Este \u00e9 o maior n\u00famero de mortos confirmados em 24 horas. A letalidade est\u00e1 em 5,8%. 116 munic\u00edpios j\u00e1 possuem registro da doen\u00e7a. No Brasil, o crescimento de mortes nas \u00faltimas 24 horas foi representativo. O Minist\u00e9rio da Sa\u00fade anunciou que subiu&hellip;<\/p>\n","protected":false},"author":1,"featured_media":16431,"comment_status":"open","ping_status":"open","sticky":false,"template":"","format":"standard","meta":{"footnotes":""},"categories":[1],"tags":[],"class_list":["post-16430","post","type-post","status-publish","format-standard","has-post-thumbnail","hentry","category-noticias"],"_links":{"self":[{"href":"https:\/\/blogdorogeriogomes.com.br\/noticias\/wp-json\/wp\/v2\/posts\/16430","targetHints":{"allow":["GET"]}}],"collection":[{"href":"https:\/\/blogdorogeriogomes.com.br\/noticias\/wp-json\/wp\/v2\/posts"}],"about":[{"href":"https:\/\/blogdorogeriogomes.com.br\/noticias\/wp-json\/wp\/v2\/types\/post"}],"author":[{"embeddable":true,"href":"https:\/\/blogdorogeriogomes.com.br\/noticias\/wp-json\/wp\/v2\/users\/1"}],"replies":[{"embeddable":true,"href":"https:\/\/blogdorogeriogomes.com.br\/noticias\/wp-json\/wp\/v2\/comments?post=16430"}],"version-history":[{"count":1,"href":"https:\/\/blogdorogeriogomes.com.br\/noticias\/wp-json\/wp\/v2\/posts\/16430\/revisions"}],"predecessor-version":[{"id":16432,"href":"https:\/\/blogdorogeriogomes.com.br\/noticias\/wp-json\/wp\/v2\/posts\/16430\/revisions\/16432"}],"wp:featuredmedia":[{"embeddable":true,"href":"https:\/\/blogdorogeriogomes.com.br\/noticias\/wp-json\/wp\/v2\/media\/16431"}],"wp:attachment":[{"href":"https:\/\/blogdorogeriogomes.com.br\/noticias\/wp-json\/wp\/v2\/media?parent=16430"}],"wp:term":[{"taxonomy":"category","embeddable":true,"href":"https:\/\/blogdorogeriogomes.com.br\/noticias\/wp-json\/wp\/v2\/categories?post=16430"},{"taxonomy":"post_tag","embeddable":true,"href":"https:\/\/blogdorogeriogomes.com.br\/noticias\/wp-json\/wp\/v2\/tags?post=16430"}],"curies":[{"name":"wp","href":"https:\/\/api.w.org\/{rel}","templated":true}]}}