{"id":16433,"date":"2020-04-24T12:12:57","date_gmt":"2020-04-24T12:12:57","guid":{"rendered":"http:\/\/blogdorogeriogomes.com.br\/?p=16433"},"modified":"2020-04-24T12:40:23","modified_gmt":"2020-04-24T12:40:23","slug":"governo-do-estado-deve-apresentar-primeira-versao-de-medidas-para-o-setor-produtivo-no-proximo-dia-29","status":"publish","type":"post","link":"https:\/\/blogdorogeriogomes.com.br\/noticias\/2020\/04\/governo-do-estado-deve-apresentar-primeira-versao-de-medidas-para-o-setor-produtivo-no-proximo-dia-29\/","title":{"rendered":"Governo do Estado deve apresentar primeira vers\u00e3o de medidas para o setor produtivo no pr\u00f3ximo dia 29"},"content":{"rendered":"\n<p>O secret\u00e1rio de Desenvolvimento Econ\u00f4mico e Trabalho do Cear\u00e1, Maia J\u00fanior, estima que o Governo do Estado dever\u00e1 apresentar a primeira vers\u00e3o do planejamento elaborado pelo grupo de trabalho criado para discutir o afrouxamento da quarentena para o setor produtivo, na pr\u00f3xima quarta-feira, dia 29 de abril. A exemplo de outros estados, j\u00e1 foi iniciado um planejamento econ\u00f4mico para depois da pandemia.<\/p>\n\n\n\n<p>Maia J\u00fanior avalia que apesar de parte dos neg\u00f3cios no Estado estar fechada como medida de combate ao coronav\u00edrus, a atividade econ\u00f4mica n\u00e3o est\u00e1 totalmente paralisada. Ele ressalta que as empresas hoje em opera\u00e7\u00e3o representam 74,8% das riquezas geradas no Cear\u00e1.<\/p>\n\n\n\n<p>O governador Camilo Santana refor\u00e7a ainda que n\u00e3o ser\u00e1 tomada nenhuma decis\u00e3o de redu\u00e7\u00e3o de isolamento social enquanto a curva de cont\u00e1gio da Covid-19 estiver em crescimento. Todas as medidas ser\u00e3o tomadas em conjunto com o comit\u00ea de sa\u00fade formado para o enfrentamento ao novo coronav\u00edrus.<\/p>\n\n\n\n<p> <\/p>\n\n\n\n<p><\/p>\n\n\n\n<figure class=\"wp-block-gallery columns-1 is-cropped wp-block-gallery-1 is-layout-flex wp-block-gallery-is-layout-flex\"><ul class=\"blocks-gallery-grid\"><li class=\"blocks-gallery-item\"><figure><img loading=\"lazy\" decoding=\"async\" width=\"681\" height=\"451\" src=\"http:\/\/blogdorogeriogomes.com.br\/wp-content\/uploads\/2020\/04\/images-13-2.jpeg\" alt=\"\" data-id=\"16434\" data-full-url=\"http:\/\/blogdorogeriogomes.com.br\/wp-content\/uploads\/2020\/04\/images-13-2.jpeg\" data-link=\"http:\/\/blogdorogeriogomes.com.br\/?attachment_id=16434\" class=\"wp-image-16434\" srcset=\"https:\/\/blogdorogeriogomes.com.br\/noticias\/wp-content\/uploads\/2020\/04\/images-13-2.jpeg 681w, https:\/\/blogdorogeriogomes.com.br\/noticias\/wp-content\/uploads\/2020\/04\/images-13-2-300x199.jpeg 300w\" sizes=\"auto, (max-width: 681px) 100vw, 681px\" \/><\/figure><\/li><\/ul><\/figure>\n","protected":false},"excerpt":{"rendered":"<p>O secret\u00e1rio de Desenvolvimento Econ\u00f4mico e Trabalho do Cear\u00e1, Maia J\u00fanior, estima que o Governo do Estado dever\u00e1 apresentar a primeira vers\u00e3o do planejamento elaborado pelo grupo de trabalho criado para discutir o afrouxamento da quarentena para o setor produtivo, na pr\u00f3xima quarta-feira, dia 29 de abril. A exemplo de outros estados, j\u00e1 foi iniciado um planejamento econ\u00f4mico para depois da pandemia. Maia J\u00fanior avalia que apesar de parte dos neg\u00f3cios no Estado estar fechada como medida de combate&hellip;<\/p>\n","protected":false},"author":1,"featured_media":16434,"comment_status":"open","ping_status":"open","sticky":false,"template":"","format":"standard","meta":{"footnotes":""},"categories":[1],"tags":[],"class_list":["post-16433","post","type-post","status-publish","format-standard","has-post-thumbnail","hentry","category-noticias"],"_links":{"self":[{"href":"https:\/\/blogdorogeriogomes.com.br\/noticias\/wp-json\/wp\/v2\/posts\/16433","targetHints":{"allow":["GET"]}}],"collection":[{"href":"https:\/\/blogdorogeriogomes.com.br\/noticias\/wp-json\/wp\/v2\/posts"}],"about":[{"href":"https:\/\/blogdorogeriogomes.com.br\/noticias\/wp-json\/wp\/v2\/types\/post"}],"author":[{"embeddable":true,"href":"https:\/\/blogdorogeriogomes.com.br\/noticias\/wp-json\/wp\/v2\/users\/1"}],"replies":[{"embeddable":true,"href":"https:\/\/blogdorogeriogomes.com.br\/noticias\/wp-json\/wp\/v2\/comments?post=16433"}],"version-history":[{"count":1,"href":"https:\/\/blogdorogeriogomes.com.br\/noticias\/wp-json\/wp\/v2\/posts\/16433\/revisions"}],"predecessor-version":[{"id":16435,"href":"https:\/\/blogdorogeriogomes.com.br\/noticias\/wp-json\/wp\/v2\/posts\/16433\/revisions\/16435"}],"wp:featuredmedia":[{"embeddable":true,"href":"https:\/\/blogdorogeriogomes.com.br\/noticias\/wp-json\/wp\/v2\/media\/16434"}],"wp:attachment":[{"href":"https:\/\/blogdorogeriogomes.com.br\/noticias\/wp-json\/wp\/v2\/media?parent=16433"}],"wp:term":[{"taxonomy":"category","embeddable":true,"href":"https:\/\/blogdorogeriogomes.com.br\/noticias\/wp-json\/wp\/v2\/categories?post=16433"},{"taxonomy":"post_tag","embeddable":true,"href":"https:\/\/blogdorogeriogomes.com.br\/noticias\/wp-json\/wp\/v2\/tags?post=16433"}],"curies":[{"name":"wp","href":"https:\/\/api.w.org\/{rel}","templated":true}]}}