{"id":16437,"date":"2020-04-24T13:30:05","date_gmt":"2020-04-24T13:30:05","guid":{"rendered":"http:\/\/blogdorogeriogomes.com.br\/?p=16437"},"modified":"2020-04-27T13:55:49","modified_gmt":"2020-04-27T13:55:49","slug":"isolamento-de-bolsonaro-faz-a-oms-deixar-o-brasil-de-fora-em-encontro-internacional-com-chefes-de-estado-de-todo-o-mundo","status":"publish","type":"post","link":"https:\/\/blogdorogeriogomes.com.br\/noticias\/2020\/04\/isolamento-de-bolsonaro-faz-a-oms-deixar-o-brasil-de-fora-em-encontro-internacional-com-chefes-de-estado-de-todo-o-mundo\/","title":{"rendered":"Isolamento de Bolsonaro faz a OMS deixar o Brasil de fora em encontro internacional com chefes de Estado de todo o mundo"},"content":{"rendered":"\n<p>As crises criadas pelo Governo Brasileiro no cen\u00e1rio internacional e a nega\u00e7\u00e3o do presidente Jair Bolsonaro da gravidade da pandemia da Covid-19 j\u00e1 interferem na rela\u00e7\u00e3o do Brasil com a Organiza\u00e7\u00e3o Mundial de Sa\u00fade (OMS). A entidade, presidida por Tedros Adhanom Ghebreyesus (foto), realiza nesta sexta-feira, dia 24 de abril, um mega evento internacional com a finalidade de dar uma mensagem pol\u00edtica de compromisso de que novos tratamentos para lidar com a pandemia chegar\u00e3o a todos. O Brasil, que historicamente liderou o assunto de acesso a medicamentos, n\u00e3o participar\u00e1 e parte do governo sequer sabia do evento.<\/p>\n\n\n\n<p>O encontro coordenado pela c\u00fapula da OMS ser\u00e1 liderado por Emmanuel Macron, presidente da Fran\u00e7a, com a participa\u00e7\u00e3o de Bill Gates e a presidente da Comiss\u00e3o Europeia, Ursula von der Leyen. \u00c9 mais um exemplo do isolamento pol\u00edtico do presidente Jair Bolsonaro que parece considerar apenas um aliado no mundo: o presidente Donald Trump, dos Estados Unidos.<\/p>\n\n\n\n<p><\/p>\n\n\n\n<figure class=\"wp-block-gallery columns-1 is-cropped wp-block-gallery-1 is-layout-flex wp-block-gallery-is-layout-flex\"><ul class=\"blocks-gallery-grid\"><li class=\"blocks-gallery-item\"><figure><img loading=\"lazy\" decoding=\"async\" width=\"739\" height=\"415\" src=\"http:\/\/blogdorogeriogomes.com.br\/wp-content\/uploads\/2020\/04\/images-14-2.jpeg\" alt=\"\" data-id=\"16438\" data-full-url=\"http:\/\/blogdorogeriogomes.com.br\/wp-content\/uploads\/2020\/04\/images-14-2.jpeg\" data-link=\"http:\/\/blogdorogeriogomes.com.br\/?attachment_id=16438\" class=\"wp-image-16438\" srcset=\"https:\/\/blogdorogeriogomes.com.br\/noticias\/wp-content\/uploads\/2020\/04\/images-14-2.jpeg 739w, https:\/\/blogdorogeriogomes.com.br\/noticias\/wp-content\/uploads\/2020\/04\/images-14-2-300x168.jpeg 300w\" sizes=\"auto, (max-width: 739px) 100vw, 739px\" \/><\/figure><\/li><\/ul><\/figure>\n","protected":false},"excerpt":{"rendered":"<p>As crises criadas pelo Governo Brasileiro no cen\u00e1rio internacional e a nega\u00e7\u00e3o do presidente Jair Bolsonaro da gravidade da pandemia da Covid-19 j\u00e1 interferem na rela\u00e7\u00e3o do Brasil com a Organiza\u00e7\u00e3o Mundial de Sa\u00fade (OMS). A entidade, presidida por Tedros Adhanom Ghebreyesus (foto), realiza nesta sexta-feira, dia 24 de abril, um mega evento internacional com a finalidade de dar uma mensagem pol\u00edtica de compromisso de que novos tratamentos para lidar com a pandemia chegar\u00e3o a todos. O Brasil, que&hellip;<\/p>\n","protected":false},"author":1,"featured_media":16438,"comment_status":"open","ping_status":"open","sticky":false,"template":"","format":"standard","meta":{"footnotes":""},"categories":[1],"tags":[],"class_list":["post-16437","post","type-post","status-publish","format-standard","has-post-thumbnail","hentry","category-noticias"],"_links":{"self":[{"href":"https:\/\/blogdorogeriogomes.com.br\/noticias\/wp-json\/wp\/v2\/posts\/16437","targetHints":{"allow":["GET"]}}],"collection":[{"href":"https:\/\/blogdorogeriogomes.com.br\/noticias\/wp-json\/wp\/v2\/posts"}],"about":[{"href":"https:\/\/blogdorogeriogomes.com.br\/noticias\/wp-json\/wp\/v2\/types\/post"}],"author":[{"embeddable":true,"href":"https:\/\/blogdorogeriogomes.com.br\/noticias\/wp-json\/wp\/v2\/users\/1"}],"replies":[{"embeddable":true,"href":"https:\/\/blogdorogeriogomes.com.br\/noticias\/wp-json\/wp\/v2\/comments?post=16437"}],"version-history":[{"count":1,"href":"https:\/\/blogdorogeriogomes.com.br\/noticias\/wp-json\/wp\/v2\/posts\/16437\/revisions"}],"predecessor-version":[{"id":16439,"href":"https:\/\/blogdorogeriogomes.com.br\/noticias\/wp-json\/wp\/v2\/posts\/16437\/revisions\/16439"}],"wp:featuredmedia":[{"embeddable":true,"href":"https:\/\/blogdorogeriogomes.com.br\/noticias\/wp-json\/wp\/v2\/media\/16438"}],"wp:attachment":[{"href":"https:\/\/blogdorogeriogomes.com.br\/noticias\/wp-json\/wp\/v2\/media?parent=16437"}],"wp:term":[{"taxonomy":"category","embeddable":true,"href":"https:\/\/blogdorogeriogomes.com.br\/noticias\/wp-json\/wp\/v2\/categories?post=16437"},{"taxonomy":"post_tag","embeddable":true,"href":"https:\/\/blogdorogeriogomes.com.br\/noticias\/wp-json\/wp\/v2\/tags?post=16437"}],"curies":[{"name":"wp","href":"https:\/\/api.w.org\/{rel}","templated":true}]}}