{"id":16440,"date":"2020-04-24T14:43:39","date_gmt":"2020-04-24T14:43:39","guid":{"rendered":"http:\/\/blogdorogeriogomes.com.br\/?p=16440"},"modified":"2020-04-27T13:54:33","modified_gmt":"2020-04-27T13:54:33","slug":"sergio-moro-deixa-o-ministerio-da-justica-e-agrava-crise-no-governo-bolsonaro","status":"publish","type":"post","link":"https:\/\/blogdorogeriogomes.com.br\/noticias\/2020\/04\/sergio-moro-deixa-o-ministerio-da-justica-e-agrava-crise-no-governo-bolsonaro\/","title":{"rendered":"S\u00e9rgio Moro deixa o Minist\u00e9rio da Justi\u00e7a e agrava crise no Governo Bolsonaro"},"content":{"rendered":"\n<p>Nomeado como &#8220;superministro&#8221;, o ex-juiz S\u00e9rgio Moro n\u00e3o suportou os \u00faltimos atos do Governo Bolsonaro. Resolveu pedir demiss\u00e3o do Minist\u00e9rio da Justi\u00e7a, nesta sexta-feira, dia 24 de abril, e jogou mais combust\u00edvel na crise enfrentada pelo presidente Jair Bolsonaro. Depois de mandar embora o ent\u00e3o ministro da Sa\u00fade, Luiz Mandetta, Bolsonaro mirou o cargo de Moro ap\u00f3s a exonera\u00e7\u00e3o do diretor geral da Pol\u00edcia Federal, Maur\u00edcio Valeixo, que era &#8220;bra\u00e7o direito&#8221; do ex-juiz. &#8220;Me foi prometida carta branca. N\u00e3o s\u00e3o aceit\u00e1veis indica\u00e7\u00f5es pol\u00edticas na Pol\u00edcia Federal&#8221;, desabafou Moro ao entregar o cargo. &#8220;A exonera\u00e7\u00e3o (de Valeixo) foi feita de madrugada. N\u00e3o assinei esse decreto&#8221;, acrescentou.<\/p>\n\n\n\n<figure class=\"wp-block-gallery columns-1 is-cropped wp-block-gallery-1 is-layout-flex wp-block-gallery-is-layout-flex\"><ul class=\"blocks-gallery-grid\"><li class=\"blocks-gallery-item\"><figure><img loading=\"lazy\" decoding=\"async\" width=\"678\" height=\"452\" src=\"http:\/\/blogdorogeriogomes.com.br\/wp-content\/uploads\/2020\/04\/images-15-1.jpeg\" alt=\"\" data-id=\"16441\" data-full-url=\"http:\/\/blogdorogeriogomes.com.br\/wp-content\/uploads\/2020\/04\/images-15-1.jpeg\" data-link=\"http:\/\/blogdorogeriogomes.com.br\/?attachment_id=16441\" class=\"wp-image-16441\" srcset=\"https:\/\/blogdorogeriogomes.com.br\/noticias\/wp-content\/uploads\/2020\/04\/images-15-1.jpeg 678w, https:\/\/blogdorogeriogomes.com.br\/noticias\/wp-content\/uploads\/2020\/04\/images-15-1-300x200.jpeg 300w\" sizes=\"auto, (max-width: 678px) 100vw, 678px\" \/><\/figure><\/li><\/ul><\/figure>\n\n\n\n<p>Na avalia\u00e7\u00e3o dos membros da Pol\u00edcia Federal e do Minist\u00e9rio da Justi\u00e7a, o movimento de Jair Bolsonaro que resultou no pedido de demiss\u00e3o feito por Sergio Moro tem como o pano de fundo a tentativa de o presidente controlar as a\u00e7\u00f5es e as investiga\u00e7\u00f5es da corpora\u00e7\u00e3o no pa\u00eds. O foco estaria em apura\u00e7\u00f5es que podem resultar em problemas para a fam\u00edlia presidencial e para sua rede de apoio. <\/p>\n\n\n\n<p>Nos planos de S\u00e9rgio Moro estava uma vaga no Supremo Tribunal Federal com indica\u00e7\u00e3o do presidente Jair Bolsonaro. Possibilidade que ficou bem distante. Por outro lado, o ex-juiz parece ter pretens\u00f5es pol\u00edticas. Uma candidatura \u00e0 Presid\u00eancia da Rep\u00fablica em 2022 n\u00e3o estaria descartada. Resta saber como ele chegar\u00e1 at\u00e9 l\u00e1, agora sem os holofotes do Minist\u00e9rio da Justi\u00e7a e do seu papel de juiz da Lava Jato.<\/p>\n","protected":false},"excerpt":{"rendered":"<p>Nomeado como &#8220;superministro&#8221;, o ex-juiz S\u00e9rgio Moro n\u00e3o suportou os \u00faltimos atos do Governo Bolsonaro. Resolveu pedir demiss\u00e3o do Minist\u00e9rio da Justi\u00e7a, nesta sexta-feira, dia 24 de abril, e jogou mais combust\u00edvel na crise enfrentada pelo presidente Jair Bolsonaro. Depois de mandar embora o ent\u00e3o ministro da Sa\u00fade, Luiz Mandetta, Bolsonaro mirou o cargo de Moro ap\u00f3s a exonera\u00e7\u00e3o do diretor geral da Pol\u00edcia Federal, Maur\u00edcio Valeixo, que era &#8220;bra\u00e7o direito&#8221; do ex-juiz. &#8220;Me foi prometida carta branca. N\u00e3o&hellip;<\/p>\n","protected":false},"author":1,"featured_media":16441,"comment_status":"open","ping_status":"open","sticky":false,"template":"","format":"standard","meta":{"footnotes":""},"categories":[1],"tags":[],"class_list":["post-16440","post","type-post","status-publish","format-standard","has-post-thumbnail","hentry","category-noticias"],"_links":{"self":[{"href":"https:\/\/blogdorogeriogomes.com.br\/noticias\/wp-json\/wp\/v2\/posts\/16440","targetHints":{"allow":["GET"]}}],"collection":[{"href":"https:\/\/blogdorogeriogomes.com.br\/noticias\/wp-json\/wp\/v2\/posts"}],"about":[{"href":"https:\/\/blogdorogeriogomes.com.br\/noticias\/wp-json\/wp\/v2\/types\/post"}],"author":[{"embeddable":true,"href":"https:\/\/blogdorogeriogomes.com.br\/noticias\/wp-json\/wp\/v2\/users\/1"}],"replies":[{"embeddable":true,"href":"https:\/\/blogdorogeriogomes.com.br\/noticias\/wp-json\/wp\/v2\/comments?post=16440"}],"version-history":[{"count":1,"href":"https:\/\/blogdorogeriogomes.com.br\/noticias\/wp-json\/wp\/v2\/posts\/16440\/revisions"}],"predecessor-version":[{"id":16442,"href":"https:\/\/blogdorogeriogomes.com.br\/noticias\/wp-json\/wp\/v2\/posts\/16440\/revisions\/16442"}],"wp:featuredmedia":[{"embeddable":true,"href":"https:\/\/blogdorogeriogomes.com.br\/noticias\/wp-json\/wp\/v2\/media\/16441"}],"wp:attachment":[{"href":"https:\/\/blogdorogeriogomes.com.br\/noticias\/wp-json\/wp\/v2\/media?parent=16440"}],"wp:term":[{"taxonomy":"category","embeddable":true,"href":"https:\/\/blogdorogeriogomes.com.br\/noticias\/wp-json\/wp\/v2\/categories?post=16440"},{"taxonomy":"post_tag","embeddable":true,"href":"https:\/\/blogdorogeriogomes.com.br\/noticias\/wp-json\/wp\/v2\/tags?post=16440"}],"curies":[{"name":"wp","href":"https:\/\/api.w.org\/{rel}","templated":true}]}}