{"id":16445,"date":"2020-04-24T23:37:20","date_gmt":"2020-04-24T23:37:20","guid":{"rendered":"http:\/\/blogdorogeriogomes.com.br\/?p=16445"},"modified":"2020-04-27T13:53:54","modified_gmt":"2020-04-27T13:53:54","slug":"pgr-pede-que-troca-de-acusacoes-entre-sergio-moro-e-jair-bolsonaro-seja-investigada-pelo-stf","status":"publish","type":"post","link":"https:\/\/blogdorogeriogomes.com.br\/noticias\/2020\/04\/pgr-pede-que-troca-de-acusacoes-entre-sergio-moro-e-jair-bolsonaro-seja-investigada-pelo-stf\/","title":{"rendered":"PGR pede que troca de acusa\u00e7\u00f5es entre S\u00e9rgio Moro e Jair Bolsonaro seja investigada pelo STF"},"content":{"rendered":"\n<p>A troca de farpas entre o presidente Jair Bolsonaro e o ex-ministro S\u00e9rgio Moro, nesta sexta-feira, dia 24 de abril, fez com que o Procurador-Geral da Rep\u00fablica, Augusto Aras, pedisse ao Supremo Tribunal Federal (STF) que abra inqu\u00e9rito para investigar supostos crimes delatados pelos dois. De manh\u00e3, Moro pediu demiss\u00e3o do Minist\u00e9rio da Justi\u00e7a e disparou contra Bolsonaro. \u00c0 tarde, o presidente, acompanhado de ministros, contra-atacou e fez acusa\u00e7\u00f5es contra o ex-juiz.<\/p>\n\n\n\n<p>No pedido ao STF, a PGR aponta a necessidade de investiga\u00e7\u00e3o de crimes de falsidade ideol\u00f3gica, coa\u00e7\u00e3o no curso do processo, advocacia administrativa, prevarica\u00e7\u00e3o, obstru\u00e7\u00e3o de justi\u00e7a, corrup\u00e7\u00e3o passiva privilegiada, denuncia\u00e7\u00e3o caluniosa e crime contra a honra.<\/p>\n\n\n\n<p>Bolsonaro disse que Moro condicionou a substitui\u00e7\u00e3o do ex-diretor-geral da Pol\u00edcia Federal, Mauricio Valeixo, \u00e0 indica\u00e7\u00e3o do ex-juiz da Lava Jato para o Supremo Tribunal Federal.&nbsp;O ex-juiz pode ser acusado de prevarica\u00e7\u00e3o, por ter conhecimento das press\u00f5es de Bolsonaro contra a PF e de outras irregularidades, e ter se mantido calado por mais de um ano. J\u00e1 Moro acusou o presidente de fazer interfer\u00eancias pol\u00edticas na PF. Segundo ele, Bolsonaro quis trocar o comando da Pol\u00edcia Federal para obter informa\u00e7\u00f5es sigilosas de investiga\u00e7\u00f5es ligadas \u00e0 sua fam\u00edlia.<\/p>\n\n\n\n<p>O fato \u00e9 que o STF j\u00e1 come\u00e7ou a atuar. O ministro do Supremo Tribunal Federal Alexandre de Moraes determinou que sejam mantidos os delegados federais que j\u00e1 trabalham nos casos de fake news e manifesta\u00e7\u00f5es contra a democracia, que envolvem diretamente a Fam\u00edlia Bolsonaro. Moraes comunicou \u00e0 Pol\u00edcia Federal que os delegados n\u00e3o podem ser trocados, independente da nomea\u00e7\u00e3o de um novo diretor geral do \u00f3rg\u00e3o.<\/p>\n\n\n\n<p>No Congresso Nacional, o isolamento pol\u00edtico de Bolsonaro j\u00e1 era um efeito complicador. Agora, com a sa\u00edda de Moro, a situa\u00e7\u00e3o piorou. Antigos bolsonaristas tamb\u00e9m defendem o impeachment do presidente. Antes, a a\u00e7\u00e3o era apenas de partidos da oposi\u00e7\u00e3o. <\/p>\n\n\n\n<p>Para sustentar o mandato e uma base m\u00ednima no Congresso, Jair Bolsonaro se agarra agora em parlamentares do chamado centr\u00e3o, que re\u00fane siglas como PP, PL, Republicanos, PTB, Solidariedade e PSD. A estrat\u00e9gia \u00e9 negociar a expans\u00e3o da distribui\u00e7\u00e3o de cargos e emendas a essas legendas com o objetivo de criar uma base m\u00ednima que evite o desenrolar de um processo de impeachment.<\/p>\n\n\n\n<figure class=\"wp-block-gallery columns-1 is-cropped wp-block-gallery-1 is-layout-flex wp-block-gallery-is-layout-flex\"><ul class=\"blocks-gallery-grid\"><li class=\"blocks-gallery-item\"><figure><img loading=\"lazy\" decoding=\"async\" width=\"679\" height=\"452\" src=\"http:\/\/blogdorogeriogomes.com.br\/wp-content\/uploads\/2020\/04\/images-16-1.jpeg\" alt=\"\" data-id=\"16446\" data-full-url=\"http:\/\/blogdorogeriogomes.com.br\/wp-content\/uploads\/2020\/04\/images-16-1.jpeg\" data-link=\"http:\/\/blogdorogeriogomes.com.br\/?attachment_id=16446\" class=\"wp-image-16446\" srcset=\"https:\/\/blogdorogeriogomes.com.br\/noticias\/wp-content\/uploads\/2020\/04\/images-16-1.jpeg 679w, https:\/\/blogdorogeriogomes.com.br\/noticias\/wp-content\/uploads\/2020\/04\/images-16-1-300x200.jpeg 300w\" sizes=\"auto, (max-width: 679px) 100vw, 679px\" \/><\/figure><\/li><\/ul><\/figure>\n","protected":false},"excerpt":{"rendered":"<p>A troca de farpas entre o presidente Jair Bolsonaro e o ex-ministro S\u00e9rgio Moro, nesta sexta-feira, dia 24 de abril, fez com que o Procurador-Geral da Rep\u00fablica, Augusto Aras, pedisse ao Supremo Tribunal Federal (STF) que abra inqu\u00e9rito para investigar supostos crimes delatados pelos dois. De manh\u00e3, Moro pediu demiss\u00e3o do Minist\u00e9rio da Justi\u00e7a e disparou contra Bolsonaro. \u00c0 tarde, o presidente, acompanhado de ministros, contra-atacou e fez acusa\u00e7\u00f5es contra o ex-juiz. No pedido ao STF, a PGR aponta&hellip;<\/p>\n","protected":false},"author":1,"featured_media":16446,"comment_status":"open","ping_status":"open","sticky":false,"template":"","format":"standard","meta":{"footnotes":""},"categories":[1],"tags":[],"class_list":["post-16445","post","type-post","status-publish","format-standard","has-post-thumbnail","hentry","category-noticias"],"_links":{"self":[{"href":"https:\/\/blogdorogeriogomes.com.br\/noticias\/wp-json\/wp\/v2\/posts\/16445","targetHints":{"allow":["GET"]}}],"collection":[{"href":"https:\/\/blogdorogeriogomes.com.br\/noticias\/wp-json\/wp\/v2\/posts"}],"about":[{"href":"https:\/\/blogdorogeriogomes.com.br\/noticias\/wp-json\/wp\/v2\/types\/post"}],"author":[{"embeddable":true,"href":"https:\/\/blogdorogeriogomes.com.br\/noticias\/wp-json\/wp\/v2\/users\/1"}],"replies":[{"embeddable":true,"href":"https:\/\/blogdorogeriogomes.com.br\/noticias\/wp-json\/wp\/v2\/comments?post=16445"}],"version-history":[{"count":2,"href":"https:\/\/blogdorogeriogomes.com.br\/noticias\/wp-json\/wp\/v2\/posts\/16445\/revisions"}],"predecessor-version":[{"id":16465,"href":"https:\/\/blogdorogeriogomes.com.br\/noticias\/wp-json\/wp\/v2\/posts\/16445\/revisions\/16465"}],"wp:featuredmedia":[{"embeddable":true,"href":"https:\/\/blogdorogeriogomes.com.br\/noticias\/wp-json\/wp\/v2\/media\/16446"}],"wp:attachment":[{"href":"https:\/\/blogdorogeriogomes.com.br\/noticias\/wp-json\/wp\/v2\/media?parent=16445"}],"wp:term":[{"taxonomy":"category","embeddable":true,"href":"https:\/\/blogdorogeriogomes.com.br\/noticias\/wp-json\/wp\/v2\/categories?post=16445"},{"taxonomy":"post_tag","embeddable":true,"href":"https:\/\/blogdorogeriogomes.com.br\/noticias\/wp-json\/wp\/v2\/tags?post=16445"}],"curies":[{"name":"wp","href":"https:\/\/api.w.org\/{rel}","templated":true}]}}