{"id":16472,"date":"2020-04-28T10:21:15","date_gmt":"2020-04-28T10:21:15","guid":{"rendered":"http:\/\/blogdorogeriogomes.com.br\/?p=16472"},"modified":"2020-04-28T11:57:55","modified_gmt":"2020-04-28T11:57:55","slug":"ministro-do-stf-celso-de-mello-autoriza-abertura-de-inquerito-para-apurar-denuncias-de-moro-contra-bolsonaro","status":"publish","type":"post","link":"https:\/\/blogdorogeriogomes.com.br\/noticias\/2020\/04\/ministro-do-stf-celso-de-mello-autoriza-abertura-de-inquerito-para-apurar-denuncias-de-moro-contra-bolsonaro\/","title":{"rendered":"Ministro do STF, Celso de Mello, autoriza abertura de inqu\u00e9rito para apurar den\u00fancias de Moro contra Bolsonaro"},"content":{"rendered":"\n<p>O ministro Celso de Mello, do Supremo Tribunal Federal (STF) autorizou a abertura de um inqu\u00e9rito contra o presidente Jair Bolsonaro. O pedido foi feito pela Procuradoria-Geral da Rep\u00fablica)ap\u00f3s declara\u00e7\u00f5es dadas na sexta-feira, dia 24 de abril, pelo agora ex-ministro da Justi\u00e7a Sergio Moro, quando anunciou sua demiss\u00e3o do cargo. O ex-juiz da opera\u00e7\u00e3o Lava Jato acusou Bolsonaro de tentar interferir politicamente na Pol\u00edcia Federal e ter acesso a investiga\u00e7\u00f5es sigilosas do \u00f3rg\u00e3o. Ele ainda disse que n\u00e3o autorizou o uso de sua assinatura eletr\u00f4nica que apareceu no decreto de exonera\u00e7\u00e3o do diretor-geral da PF, Maur\u00edcio Valeixo.<\/p>\n\n\n\n<p>O presidente Jair Bolsonaro (sem partido) escolheu o ex-advogado-geral da Uni\u00e3o Andr\u00e9 Luiz de Almeida Mendon\u00e7a como novo ministro da Justi\u00e7a e Seguran\u00e7a P\u00fablica e Alexandre Ramagem para o cargo de diretor-geral da Pol\u00edcia Federal. Ramagem \u00e9 amigo de Carlos Bolsonaro, filho do presidente e investigado pela PF por esquemas criminosos de espalhar fake news. As duas nomea\u00e7\u00f5es foram publicadas no Di\u00e1rio Oficial da Uni\u00e3o desta ter\u00e7a-feira, dia 28. <\/p>\n\n\n\n<figure class=\"wp-block-gallery columns-1 is-cropped wp-block-gallery-1 is-layout-flex wp-block-gallery-is-layout-flex\"><ul class=\"blocks-gallery-grid\"><li class=\"blocks-gallery-item\"><figure><img loading=\"lazy\" decoding=\"async\" width=\"678\" height=\"452\" src=\"http:\/\/blogdorogeriogomes.com.br\/wp-content\/uploads\/2020\/04\/images-2-4.jpeg\" alt=\"\" data-id=\"16473\" data-full-url=\"http:\/\/blogdorogeriogomes.com.br\/wp-content\/uploads\/2020\/04\/images-2-4.jpeg\" data-link=\"http:\/\/blogdorogeriogomes.com.br\/?attachment_id=16473\" class=\"wp-image-16473\" srcset=\"https:\/\/blogdorogeriogomes.com.br\/noticias\/wp-content\/uploads\/2020\/04\/images-2-4.jpeg 678w, https:\/\/blogdorogeriogomes.com.br\/noticias\/wp-content\/uploads\/2020\/04\/images-2-4-300x200.jpeg 300w\" sizes=\"auto, (max-width: 678px) 100vw, 678px\" \/><\/figure><\/li><\/ul><\/figure>\n","protected":false},"excerpt":{"rendered":"<p>O ministro Celso de Mello, do Supremo Tribunal Federal (STF) autorizou a abertura de um inqu\u00e9rito contra o presidente Jair Bolsonaro. O pedido foi feito pela Procuradoria-Geral da Rep\u00fablica)ap\u00f3s declara\u00e7\u00f5es dadas na sexta-feira, dia 24 de abril, pelo agora ex-ministro da Justi\u00e7a Sergio Moro, quando anunciou sua demiss\u00e3o do cargo. O ex-juiz da opera\u00e7\u00e3o Lava Jato acusou Bolsonaro de tentar interferir politicamente na Pol\u00edcia Federal e ter acesso a investiga\u00e7\u00f5es sigilosas do \u00f3rg\u00e3o. Ele ainda disse que n\u00e3o autorizou&hellip;<\/p>\n","protected":false},"author":1,"featured_media":16473,"comment_status":"open","ping_status":"open","sticky":false,"template":"","format":"standard","meta":{"footnotes":""},"categories":[1],"tags":[],"class_list":["post-16472","post","type-post","status-publish","format-standard","has-post-thumbnail","hentry","category-noticias"],"_links":{"self":[{"href":"https:\/\/blogdorogeriogomes.com.br\/noticias\/wp-json\/wp\/v2\/posts\/16472","targetHints":{"allow":["GET"]}}],"collection":[{"href":"https:\/\/blogdorogeriogomes.com.br\/noticias\/wp-json\/wp\/v2\/posts"}],"about":[{"href":"https:\/\/blogdorogeriogomes.com.br\/noticias\/wp-json\/wp\/v2\/types\/post"}],"author":[{"embeddable":true,"href":"https:\/\/blogdorogeriogomes.com.br\/noticias\/wp-json\/wp\/v2\/users\/1"}],"replies":[{"embeddable":true,"href":"https:\/\/blogdorogeriogomes.com.br\/noticias\/wp-json\/wp\/v2\/comments?post=16472"}],"version-history":[{"count":1,"href":"https:\/\/blogdorogeriogomes.com.br\/noticias\/wp-json\/wp\/v2\/posts\/16472\/revisions"}],"predecessor-version":[{"id":16474,"href":"https:\/\/blogdorogeriogomes.com.br\/noticias\/wp-json\/wp\/v2\/posts\/16472\/revisions\/16474"}],"wp:featuredmedia":[{"embeddable":true,"href":"https:\/\/blogdorogeriogomes.com.br\/noticias\/wp-json\/wp\/v2\/media\/16473"}],"wp:attachment":[{"href":"https:\/\/blogdorogeriogomes.com.br\/noticias\/wp-json\/wp\/v2\/media?parent=16472"}],"wp:term":[{"taxonomy":"category","embeddable":true,"href":"https:\/\/blogdorogeriogomes.com.br\/noticias\/wp-json\/wp\/v2\/categories?post=16472"},{"taxonomy":"post_tag","embeddable":true,"href":"https:\/\/blogdorogeriogomes.com.br\/noticias\/wp-json\/wp\/v2\/tags?post=16472"}],"curies":[{"name":"wp","href":"https:\/\/api.w.org\/{rel}","templated":true}]}}