{"id":16478,"date":"2020-04-28T19:49:39","date_gmt":"2020-04-28T19:49:39","guid":{"rendered":"http:\/\/blogdorogeriogomes.com.br\/?p=16478"},"modified":"2020-04-29T11:43:57","modified_gmt":"2020-04-29T11:43:57","slug":"hospital-de-campanha-do-pv-ganha-mais-51-leitos-para-internamento-de-pacientes-infectados-com-coronavirus","status":"publish","type":"post","link":"https:\/\/blogdorogeriogomes.com.br\/noticias\/2020\/04\/hospital-de-campanha-do-pv-ganha-mais-51-leitos-para-internamento-de-pacientes-infectados-com-coronavirus\/","title":{"rendered":"Hospital de campanha do PV ganha mais 51 leitos para internamento de pacientes infectados com coronav\u00edrus"},"content":{"rendered":"\n<p>O hospital de campanha montado no est\u00e1dio Presidente Vargas, em Fortaleza, passou a contar com mais&nbsp;51 novos leitos em funcionamento, a partir desta ter\u00e7a-feira, dia 28 de abril. Assim, passou a oferecer 153 vagas direcionadas ao tratamento de pacientes de baixa e m\u00e9dia complexidade. \u201c111 pacientes j\u00e1 passaram pelo Hospital. Neste momento, 74 pessoas est\u00e3o internadas. 5 delas est\u00e3o intubadas\u201d, detalhou o prefeito Roberto Cl\u00e1udio, justificando a oscila\u00e7\u00e3o dos n\u00fameros em virtude das constantes regula\u00e7\u00f5es, transfer\u00eancias e altas.<\/p>\n\n\n\n<p>Na quarta-feira, dia 29, ser\u00e1 iniciada a entrega de cestas b\u00e1sicas, incluindo m\u00e1scaras de tecido nos kits, a benefici\u00e1rios do Bolsa Fam\u00edlia que n\u00e3o possuem filhos na rede de ensino municipal, taxistas, mototaxistas, motoristas de aplicativos. Ser\u00e3o mais de 130 mil pessoas beneficiadas. At\u00e9 o dia 1\u00b0 de maio, a Prefeitura da Capital promete implantar bases nos terminais de \u00f4nibus da Cidade voltadas \u00e0 distribui\u00e7\u00e3o de m\u00e1scaras aos fortalezenses.<\/p>\n\n\n\n<figure class=\"wp-block-gallery columns-1 is-cropped wp-block-gallery-1 is-layout-flex wp-block-gallery-is-layout-flex\"><ul class=\"blocks-gallery-grid\"><li class=\"blocks-gallery-item\"><figure><img loading=\"lazy\" decoding=\"async\" width=\"739\" height=\"415\" src=\"http:\/\/blogdorogeriogomes.com.br\/wp-content\/uploads\/2020\/04\/images-4-2.jpeg\" alt=\"\" data-id=\"16479\" data-full-url=\"http:\/\/blogdorogeriogomes.com.br\/wp-content\/uploads\/2020\/04\/images-4-2.jpeg\" data-link=\"http:\/\/blogdorogeriogomes.com.br\/?attachment_id=16479\" class=\"wp-image-16479\" srcset=\"https:\/\/blogdorogeriogomes.com.br\/noticias\/wp-content\/uploads\/2020\/04\/images-4-2.jpeg 739w, https:\/\/blogdorogeriogomes.com.br\/noticias\/wp-content\/uploads\/2020\/04\/images-4-2-300x168.jpeg 300w\" sizes=\"auto, (max-width: 739px) 100vw, 739px\" \/><\/figure><\/li><\/ul><\/figure>\n","protected":false},"excerpt":{"rendered":"<p>O hospital de campanha montado no est\u00e1dio Presidente Vargas, em Fortaleza, passou a contar com mais&nbsp;51 novos leitos em funcionamento, a partir desta ter\u00e7a-feira, dia 28 de abril. Assim, passou a oferecer 153 vagas direcionadas ao tratamento de pacientes de baixa e m\u00e9dia complexidade. \u201c111 pacientes j\u00e1 passaram pelo Hospital. Neste momento, 74 pessoas est\u00e3o internadas. 5 delas est\u00e3o intubadas\u201d, detalhou o prefeito Roberto Cl\u00e1udio, justificando a oscila\u00e7\u00e3o dos n\u00fameros em virtude das constantes regula\u00e7\u00f5es, transfer\u00eancias e altas. Na&hellip;<\/p>\n","protected":false},"author":1,"featured_media":16479,"comment_status":"open","ping_status":"open","sticky":false,"template":"","format":"standard","meta":{"footnotes":""},"categories":[1],"tags":[],"class_list":["post-16478","post","type-post","status-publish","format-standard","has-post-thumbnail","hentry","category-noticias"],"_links":{"self":[{"href":"https:\/\/blogdorogeriogomes.com.br\/noticias\/wp-json\/wp\/v2\/posts\/16478","targetHints":{"allow":["GET"]}}],"collection":[{"href":"https:\/\/blogdorogeriogomes.com.br\/noticias\/wp-json\/wp\/v2\/posts"}],"about":[{"href":"https:\/\/blogdorogeriogomes.com.br\/noticias\/wp-json\/wp\/v2\/types\/post"}],"author":[{"embeddable":true,"href":"https:\/\/blogdorogeriogomes.com.br\/noticias\/wp-json\/wp\/v2\/users\/1"}],"replies":[{"embeddable":true,"href":"https:\/\/blogdorogeriogomes.com.br\/noticias\/wp-json\/wp\/v2\/comments?post=16478"}],"version-history":[{"count":2,"href":"https:\/\/blogdorogeriogomes.com.br\/noticias\/wp-json\/wp\/v2\/posts\/16478\/revisions"}],"predecessor-version":[{"id":16490,"href":"https:\/\/blogdorogeriogomes.com.br\/noticias\/wp-json\/wp\/v2\/posts\/16478\/revisions\/16490"}],"wp:featuredmedia":[{"embeddable":true,"href":"https:\/\/blogdorogeriogomes.com.br\/noticias\/wp-json\/wp\/v2\/media\/16479"}],"wp:attachment":[{"href":"https:\/\/blogdorogeriogomes.com.br\/noticias\/wp-json\/wp\/v2\/media?parent=16478"}],"wp:term":[{"taxonomy":"category","embeddable":true,"href":"https:\/\/blogdorogeriogomes.com.br\/noticias\/wp-json\/wp\/v2\/categories?post=16478"},{"taxonomy":"post_tag","embeddable":true,"href":"https:\/\/blogdorogeriogomes.com.br\/noticias\/wp-json\/wp\/v2\/tags?post=16478"}],"curies":[{"name":"wp","href":"https:\/\/api.w.org\/{rel}","templated":true}]}}