{"id":16481,"date":"2020-04-28T23:21:13","date_gmt":"2020-04-28T23:21:13","guid":{"rendered":"http:\/\/blogdorogeriogomes.com.br\/?p=16481"},"modified":"2020-04-29T11:44:09","modified_gmt":"2020-04-29T11:44:09","slug":"ceara-atinge-quase-sete-mil-casos-da-covid-19-e-brasil-bate-recorde-de-mortes-em-apenas-24-horas","status":"publish","type":"post","link":"https:\/\/blogdorogeriogomes.com.br\/noticias\/2020\/04\/ceara-atinge-quase-sete-mil-casos-da-covid-19-e-brasil-bate-recorde-de-mortes-em-apenas-24-horas\/","title":{"rendered":"Cear\u00e1 atinge quase sete mil casos da Covid-19 e Brasil bate recorde de mortes em apenas 24 horas"},"content":{"rendered":"\n<p>O Cear\u00e1 j\u00e1 registra 417&nbsp;mortes e&nbsp;6.985&nbsp;casos&nbsp;de infec\u00e7\u00e3o pelo coronav\u00edrus, de acordo com o boletim da Secretaria da Sa\u00fade (Sesa), atualizado no fim da tarde&nbsp;desta ter\u00e7a-feira, dia 28 de abril. Tamb\u00e9m foi confirmada a primeira morte pela doen\u00e7a no sistema prisional do Cear\u00e1. O detento morreu no \u00faltimo domingo, dia 26, em um hospital de Horizonte, na Regi\u00e3o Metropolitana de Fortaleza (RMF). A Secretaria da Administra\u00e7\u00e3o Penitenci\u00e1ria (SAP) diz que 67 agentes penitenci\u00e1rios do Cear\u00e1 j\u00e1 testaram positivo para o novo coronav\u00edrus.&nbsp;<\/p>\n\n\n\n<p>Para esta quarta-feira, dia 29 de abril, \u00e9 esperada a chegada em Fortaleza de mais um avi\u00e3o da China trazendo insumos e material de prote\u00e7\u00e3o para os profissionais de sa\u00fade. O prefeito Roberto Cl\u00e1udio anunciou que cerca de 4 toneladas de Equipamentos de Prote\u00e7\u00e3o Individual (EPIs) ser\u00e3o distribu\u00eddos na rede municipal de sa\u00fade.<\/p>\n\n\n\n<p>No Brasil, o n\u00famero de mortes bateu recorde em um s\u00f3 dia. O Minist\u00e9rio da Sa\u00fade anunciou que subiu para 5.017 o n\u00famero de mortes pelo novo coronav\u00edrus, com 474 \u00f3bitos confirmados nas \u00faltimas 24 horas. \u00c9 o maior n\u00famero registrado no per\u00edodo desde o in\u00edcio da pandemia. Com os dados atualizados, o Pa\u00eds ultrapassou a China, que registra oficialmente 4.643 mortes por conta da covid-19.<\/p>\n\n\n\n<figure class=\"wp-block-gallery columns-1 is-cropped wp-block-gallery-1 is-layout-flex wp-block-gallery-is-layout-flex\"><ul class=\"blocks-gallery-grid\"><li class=\"blocks-gallery-item\"><figure><img loading=\"lazy\" decoding=\"async\" width=\"645\" height=\"475\" src=\"http:\/\/blogdorogeriogomes.com.br\/wp-content\/uploads\/2020\/04\/images-5-3.jpeg\" alt=\"\" data-id=\"16482\" data-full-url=\"http:\/\/blogdorogeriogomes.com.br\/wp-content\/uploads\/2020\/04\/images-5-3.jpeg\" data-link=\"http:\/\/blogdorogeriogomes.com.br\/?attachment_id=16482\" class=\"wp-image-16482\" srcset=\"https:\/\/blogdorogeriogomes.com.br\/noticias\/wp-content\/uploads\/2020\/04\/images-5-3.jpeg 645w, https:\/\/blogdorogeriogomes.com.br\/noticias\/wp-content\/uploads\/2020\/04\/images-5-3-300x221.jpeg 300w\" sizes=\"auto, (max-width: 645px) 100vw, 645px\" \/><\/figure><\/li><\/ul><\/figure>\n","protected":false},"excerpt":{"rendered":"<p>O Cear\u00e1 j\u00e1 registra 417&nbsp;mortes e&nbsp;6.985&nbsp;casos&nbsp;de infec\u00e7\u00e3o pelo coronav\u00edrus, de acordo com o boletim da Secretaria da Sa\u00fade (Sesa), atualizado no fim da tarde&nbsp;desta ter\u00e7a-feira, dia 28 de abril. Tamb\u00e9m foi confirmada a primeira morte pela doen\u00e7a no sistema prisional do Cear\u00e1. O detento morreu no \u00faltimo domingo, dia 26, em um hospital de Horizonte, na Regi\u00e3o Metropolitana de Fortaleza (RMF). A Secretaria da Administra\u00e7\u00e3o Penitenci\u00e1ria (SAP) diz que 67 agentes penitenci\u00e1rios do Cear\u00e1 j\u00e1 testaram positivo para o&hellip;<\/p>\n","protected":false},"author":1,"featured_media":16482,"comment_status":"open","ping_status":"open","sticky":false,"template":"","format":"standard","meta":{"footnotes":""},"categories":[1],"tags":[],"class_list":["post-16481","post","type-post","status-publish","format-standard","has-post-thumbnail","hentry","category-noticias"],"_links":{"self":[{"href":"https:\/\/blogdorogeriogomes.com.br\/noticias\/wp-json\/wp\/v2\/posts\/16481","targetHints":{"allow":["GET"]}}],"collection":[{"href":"https:\/\/blogdorogeriogomes.com.br\/noticias\/wp-json\/wp\/v2\/posts"}],"about":[{"href":"https:\/\/blogdorogeriogomes.com.br\/noticias\/wp-json\/wp\/v2\/types\/post"}],"author":[{"embeddable":true,"href":"https:\/\/blogdorogeriogomes.com.br\/noticias\/wp-json\/wp\/v2\/users\/1"}],"replies":[{"embeddable":true,"href":"https:\/\/blogdorogeriogomes.com.br\/noticias\/wp-json\/wp\/v2\/comments?post=16481"}],"version-history":[{"count":2,"href":"https:\/\/blogdorogeriogomes.com.br\/noticias\/wp-json\/wp\/v2\/posts\/16481\/revisions"}],"predecessor-version":[{"id":16491,"href":"https:\/\/blogdorogeriogomes.com.br\/noticias\/wp-json\/wp\/v2\/posts\/16481\/revisions\/16491"}],"wp:featuredmedia":[{"embeddable":true,"href":"https:\/\/blogdorogeriogomes.com.br\/noticias\/wp-json\/wp\/v2\/media\/16482"}],"wp:attachment":[{"href":"https:\/\/blogdorogeriogomes.com.br\/noticias\/wp-json\/wp\/v2\/media?parent=16481"}],"wp:term":[{"taxonomy":"category","embeddable":true,"href":"https:\/\/blogdorogeriogomes.com.br\/noticias\/wp-json\/wp\/v2\/categories?post=16481"},{"taxonomy":"post_tag","embeddable":true,"href":"https:\/\/blogdorogeriogomes.com.br\/noticias\/wp-json\/wp\/v2\/tags?post=16481"}],"curies":[{"name":"wp","href":"https:\/\/api.w.org\/{rel}","templated":true}]}}