{"id":16487,"date":"2020-04-29T09:57:53","date_gmt":"2020-04-29T09:57:53","guid":{"rendered":"http:\/\/blogdorogeriogomes.com.br\/?p=16487"},"modified":"2020-04-29T11:44:48","modified_gmt":"2020-04-29T11:44:48","slug":"posse-do-novo-diretor-geral-da-pf-alexandre-ramagem-e-alvo-de-questionamento-na-justica","status":"publish","type":"post","link":"https:\/\/blogdorogeriogomes.com.br\/noticias\/2020\/04\/posse-do-novo-diretor-geral-da-pf-alexandre-ramagem-e-alvo-de-questionamento-na-justica\/","title":{"rendered":"Posse do novo diretor geral da PF, Alexandre Ramagem, \u00e9 alvo de questionamento na Justi\u00e7a"},"content":{"rendered":"\n<p>A posse do delegado Alexandre Ramagem como diretor-geral da Pol\u00edcia Federal (PF) est\u00e1 marcada para esta quarta-feira, dia 29 de abril, em Bras\u00edlia. Mas a indica\u00e7\u00e3o do presidente Jair Bolsonaro \u00e9 alvo de v\u00e1rias a\u00e7\u00f5es na Justi\u00e7a. As alega\u00e7\u00f5es s\u00e3o de \u201cabuso de poder\u201d e \u201cdesvio de finalidade\u201d na escolha do nome, por conta da proximidade com a fam\u00edlia Bolsonaro.&nbsp;<\/p>\n\n\n\n<p>Pelo menos seis a\u00e7\u00f5es na Justi\u00e7a pedem a suspens\u00e3o da nomea\u00e7\u00e3o de Ramagem, ent\u00e3o diretor-geral da Ag\u00eancia Brasileira de Intelig\u00eancia (Abin), acusando o chefe do Executivo de \u201caparelhamento particular\u201d ao indic\u00e1-lo para fun\u00e7\u00e3o.&nbsp;<\/p>\n\n\n\n<p>O plano de troca da chefia da PF foi estopim da sa\u00edda de S\u00e9rgio Moro do Minist\u00e9rio da Justi\u00e7a. O ex-ministro disse que Bolsonaro queria ter uma pessoa do contato pessoal dele no comando da corpora\u00e7\u00e3o para poder &#8220;colher informa\u00e7\u00f5es&#8221; e &#8220;relat\u00f3rios&#8221; diretamente.<\/p>\n\n\n\n<figure class=\"wp-block-gallery columns-1 is-cropped wp-block-gallery-1 is-layout-flex wp-block-gallery-is-layout-flex\"><ul class=\"blocks-gallery-grid\"><li class=\"blocks-gallery-item\"><figure><img loading=\"lazy\" decoding=\"async\" width=\"1024\" height=\"683\" src=\"http:\/\/blogdorogeriogomes.com.br\/wp-content\/uploads\/2020\/04\/Alexandre-Ramagem-foi-nomeado-diretor-geral-da-Pol\u00edcia-Federal-pelo-presidente-Jair-Bolsonaro-2020042898-1024x683.jpg\" alt=\"\" data-id=\"16488\" data-full-url=\"http:\/\/blogdorogeriogomes.com.br\/wp-content\/uploads\/2020\/04\/Alexandre-Ramagem-foi-nomeado-diretor-geral-da-Pol\u00edcia-Federal-pelo-presidente-Jair-Bolsonaro-2020042898.jpg\" data-link=\"http:\/\/blogdorogeriogomes.com.br\/?attachment_id=16488\" class=\"wp-image-16488\" srcset=\"https:\/\/blogdorogeriogomes.com.br\/noticias\/wp-content\/uploads\/2020\/04\/Alexandre-Ramagem-foi-nomeado-diretor-geral-da-Pol\u00edcia-Federal-pelo-presidente-Jair-Bolsonaro-2020042898-1024x683.jpg 1024w, https:\/\/blogdorogeriogomes.com.br\/noticias\/wp-content\/uploads\/2020\/04\/Alexandre-Ramagem-foi-nomeado-diretor-geral-da-Pol\u00edcia-Federal-pelo-presidente-Jair-Bolsonaro-2020042898-300x200.jpg 300w, https:\/\/blogdorogeriogomes.com.br\/noticias\/wp-content\/uploads\/2020\/04\/Alexandre-Ramagem-foi-nomeado-diretor-geral-da-Pol\u00edcia-Federal-pelo-presidente-Jair-Bolsonaro-2020042898-768x512.jpg 768w, https:\/\/blogdorogeriogomes.com.br\/noticias\/wp-content\/uploads\/2020\/04\/Alexandre-Ramagem-foi-nomeado-diretor-geral-da-Pol\u00edcia-Federal-pelo-presidente-Jair-Bolsonaro-2020042898-1536x1024.jpg 1536w, https:\/\/blogdorogeriogomes.com.br\/noticias\/wp-content\/uploads\/2020\/04\/Alexandre-Ramagem-foi-nomeado-diretor-geral-da-Pol\u00edcia-Federal-pelo-presidente-Jair-Bolsonaro-2020042898-2048x1365.jpg 2048w, https:\/\/blogdorogeriogomes.com.br\/noticias\/wp-content\/uploads\/2020\/04\/Alexandre-Ramagem-foi-nomeado-diretor-geral-da-Pol\u00edcia-Federal-pelo-presidente-Jair-Bolsonaro-2020042898-800x533.jpg 800w\" sizes=\"auto, (max-width: 1024px) 100vw, 1024px\" \/><\/figure><\/li><\/ul><\/figure>\n","protected":false},"excerpt":{"rendered":"<p>A posse do delegado Alexandre Ramagem como diretor-geral da Pol\u00edcia Federal (PF) est\u00e1 marcada para esta quarta-feira, dia 29 de abril, em Bras\u00edlia. Mas a indica\u00e7\u00e3o do presidente Jair Bolsonaro \u00e9 alvo de v\u00e1rias a\u00e7\u00f5es na Justi\u00e7a. As alega\u00e7\u00f5es s\u00e3o de \u201cabuso de poder\u201d e \u201cdesvio de finalidade\u201d na escolha do nome, por conta da proximidade com a fam\u00edlia Bolsonaro.&nbsp; Pelo menos seis a\u00e7\u00f5es na Justi\u00e7a pedem a suspens\u00e3o da nomea\u00e7\u00e3o de Ramagem, ent\u00e3o diretor-geral da Ag\u00eancia Brasileira de&hellip;<\/p>\n","protected":false},"author":1,"featured_media":16488,"comment_status":"open","ping_status":"open","sticky":false,"template":"","format":"standard","meta":{"footnotes":""},"categories":[1],"tags":[],"class_list":["post-16487","post","type-post","status-publish","format-standard","has-post-thumbnail","hentry","category-noticias"],"_links":{"self":[{"href":"https:\/\/blogdorogeriogomes.com.br\/noticias\/wp-json\/wp\/v2\/posts\/16487","targetHints":{"allow":["GET"]}}],"collection":[{"href":"https:\/\/blogdorogeriogomes.com.br\/noticias\/wp-json\/wp\/v2\/posts"}],"about":[{"href":"https:\/\/blogdorogeriogomes.com.br\/noticias\/wp-json\/wp\/v2\/types\/post"}],"author":[{"embeddable":true,"href":"https:\/\/blogdorogeriogomes.com.br\/noticias\/wp-json\/wp\/v2\/users\/1"}],"replies":[{"embeddable":true,"href":"https:\/\/blogdorogeriogomes.com.br\/noticias\/wp-json\/wp\/v2\/comments?post=16487"}],"version-history":[{"count":2,"href":"https:\/\/blogdorogeriogomes.com.br\/noticias\/wp-json\/wp\/v2\/posts\/16487\/revisions"}],"predecessor-version":[{"id":16492,"href":"https:\/\/blogdorogeriogomes.com.br\/noticias\/wp-json\/wp\/v2\/posts\/16487\/revisions\/16492"}],"wp:featuredmedia":[{"embeddable":true,"href":"https:\/\/blogdorogeriogomes.com.br\/noticias\/wp-json\/wp\/v2\/media\/16488"}],"wp:attachment":[{"href":"https:\/\/blogdorogeriogomes.com.br\/noticias\/wp-json\/wp\/v2\/media?parent=16487"}],"wp:term":[{"taxonomy":"category","embeddable":true,"href":"https:\/\/blogdorogeriogomes.com.br\/noticias\/wp-json\/wp\/v2\/categories?post=16487"},{"taxonomy":"post_tag","embeddable":true,"href":"https:\/\/blogdorogeriogomes.com.br\/noticias\/wp-json\/wp\/v2\/tags?post=16487"}],"curies":[{"name":"wp","href":"https:\/\/api.w.org\/{rel}","templated":true}]}}