{"id":16494,"date":"2020-04-29T14:31:38","date_gmt":"2020-04-29T14:31:38","guid":{"rendered":"http:\/\/blogdorogeriogomes.com.br\/?p=16494"},"modified":"2020-04-29T20:31:57","modified_gmt":"2020-04-29T20:31:57","slug":"stf-suspende-nomeacao-do-novo-diretor-geral-da-pf-feita-por-bolsonaro-posse-estava-marcada-para-esta-quarta-feira-em-brasilia","status":"publish","type":"post","link":"https:\/\/blogdorogeriogomes.com.br\/noticias\/2020\/04\/stf-suspende-nomeacao-do-novo-diretor-geral-da-pf-feita-por-bolsonaro-posse-estava-marcada-para-esta-quarta-feira-em-brasilia\/","title":{"rendered":"STF suspende nomea\u00e7\u00e3o do novo diretor geral da PF feita por Bolsonaro. Posse estava marcada para esta quarta-feira em Bras\u00edlia"},"content":{"rendered":"\n<p>Coube ao ministro do STF, Alexandre de Moraes, suspender a nomea\u00e7\u00e3o de Alexandre Ramagem para diretoria-geral da Pol\u00edcia Federal feita um dia antes pelo presidente Jair Bolsonaro. A posse estava marcada para a tarde desta quarta-feira, dia 29 de abril.<\/p>\n\n\n\n<p>O ministro do Supremo Tribunal Federal atendeu a um pedido do PDT, que entrou com um mandado de seguran\u00e7a no STF alegando &#8220;abuso de poder por desvio de finalidade&#8221; com a nomea\u00e7\u00e3o do delegado para a PF.<\/p>\n\n\n\n<p>A nomea\u00e7\u00e3o de Alexandre Ramagem, amigo do cl\u00e3 Bolsonaro que era diretor-geral da Abin (Ag\u00eancia Brasileira de Intelig\u00eancia), motivou uma ofensiva judicial para barr\u00e1-la, tendo em vista os interesses da fam\u00edlia e de aliados do presidente em investiga\u00e7\u00f5es da Pol\u00edcia Federal.<\/p>\n\n\n\n<figure class=\"wp-block-gallery columns-1 is-cropped wp-block-gallery-1 is-layout-flex wp-block-gallery-is-layout-flex\"><ul class=\"blocks-gallery-grid\"><li class=\"blocks-gallery-item\"><figure><img loading=\"lazy\" decoding=\"async\" width=\"645\" height=\"388\" src=\"http:\/\/blogdorogeriogomes.com.br\/wp-content\/uploads\/2020\/04\/images-7-3.jpeg\" alt=\"\" data-id=\"16495\" data-full-url=\"http:\/\/blogdorogeriogomes.com.br\/wp-content\/uploads\/2020\/04\/images-7-3.jpeg\" data-link=\"http:\/\/blogdorogeriogomes.com.br\/?attachment_id=16495\" class=\"wp-image-16495\" srcset=\"https:\/\/blogdorogeriogomes.com.br\/noticias\/wp-content\/uploads\/2020\/04\/images-7-3.jpeg 645w, https:\/\/blogdorogeriogomes.com.br\/noticias\/wp-content\/uploads\/2020\/04\/images-7-3-300x180.jpeg 300w\" sizes=\"auto, (max-width: 645px) 100vw, 645px\" \/><\/figure><\/li><\/ul><\/figure>\n\n\n\n<p><\/p>\n","protected":false},"excerpt":{"rendered":"<p>Coube ao ministro do STF, Alexandre de Moraes, suspender a nomea\u00e7\u00e3o de Alexandre Ramagem para diretoria-geral da Pol\u00edcia Federal feita um dia antes pelo presidente Jair Bolsonaro. A posse estava marcada para a tarde desta quarta-feira, dia 29 de abril. O ministro do Supremo Tribunal Federal atendeu a um pedido do PDT, que entrou com um mandado de seguran\u00e7a no STF alegando &#8220;abuso de poder por desvio de finalidade&#8221; com a nomea\u00e7\u00e3o do delegado para a PF. A nomea\u00e7\u00e3o&hellip;<\/p>\n","protected":false},"author":1,"featured_media":16495,"comment_status":"open","ping_status":"open","sticky":false,"template":"","format":"standard","meta":{"footnotes":""},"categories":[1],"tags":[],"class_list":["post-16494","post","type-post","status-publish","format-standard","has-post-thumbnail","hentry","category-noticias"],"_links":{"self":[{"href":"https:\/\/blogdorogeriogomes.com.br\/noticias\/wp-json\/wp\/v2\/posts\/16494","targetHints":{"allow":["GET"]}}],"collection":[{"href":"https:\/\/blogdorogeriogomes.com.br\/noticias\/wp-json\/wp\/v2\/posts"}],"about":[{"href":"https:\/\/blogdorogeriogomes.com.br\/noticias\/wp-json\/wp\/v2\/types\/post"}],"author":[{"embeddable":true,"href":"https:\/\/blogdorogeriogomes.com.br\/noticias\/wp-json\/wp\/v2\/users\/1"}],"replies":[{"embeddable":true,"href":"https:\/\/blogdorogeriogomes.com.br\/noticias\/wp-json\/wp\/v2\/comments?post=16494"}],"version-history":[{"count":1,"href":"https:\/\/blogdorogeriogomes.com.br\/noticias\/wp-json\/wp\/v2\/posts\/16494\/revisions"}],"predecessor-version":[{"id":16496,"href":"https:\/\/blogdorogeriogomes.com.br\/noticias\/wp-json\/wp\/v2\/posts\/16494\/revisions\/16496"}],"wp:featuredmedia":[{"embeddable":true,"href":"https:\/\/blogdorogeriogomes.com.br\/noticias\/wp-json\/wp\/v2\/media\/16495"}],"wp:attachment":[{"href":"https:\/\/blogdorogeriogomes.com.br\/noticias\/wp-json\/wp\/v2\/media?parent=16494"}],"wp:term":[{"taxonomy":"category","embeddable":true,"href":"https:\/\/blogdorogeriogomes.com.br\/noticias\/wp-json\/wp\/v2\/categories?post=16494"},{"taxonomy":"post_tag","embeddable":true,"href":"https:\/\/blogdorogeriogomes.com.br\/noticias\/wp-json\/wp\/v2\/tags?post=16494"}],"curies":[{"name":"wp","href":"https:\/\/api.w.org\/{rel}","templated":true}]}}